{"id":55773,"date":"2015-12-20T13:07:53","date_gmt":"2015-12-20T11:07:53","guid":{"rendered":"http:\/\/www.sana.sy\/tr\/?p=55773"},"modified":"2015-12-20T13:07:53","modified_gmt":"2015-12-20T11:07:53","slug":"dama-roze-otelinde-noel-agaci-sulendi","status":"publish","type":"post","link":"https:\/\/archive.sana.sy\/tr\/?p=55773","title":{"rendered":"Dama Roze Otelinde Noel A\u011fac\u0131 S\u00fclendi"},"content":{"rendered":"<p>Dama Roze Otelinde Noel A\u011fac\u0131 S\u00fclendi<\/p>\n","protected":false},"excerpt":{"rendered":"<p>Dama Roze Otelinde Noel A\u011fac\u0131 S\u00fclendi<\/p>\n","protected":false},"author":1,"featured_media":55783,"comment_status":"closed","ping_status":"closed","sticky":false,"template":"","format":"standard","meta":{"footnotes":""},"categories":[573],"tags":[18151],"class_list":["post-55773","post","type-post","status-publish","format-standard","has-post-thumbnail","","category-goruntulu-olaylar","tag-dama-roze-otelinde-noel-agaci-sulendi"],"_links":{"self":[{"href":"https:\/\/archive.sana.sy\/tr\/index.php?rest_route=\/wp\/v2\/posts\/55773","targetHints":{"allow":["GET"]}}],"collection":[{"href":"https:\/\/archive.sana.sy\/tr\/index.php?rest_route=\/wp\/v2\/posts"}],"about":[{"href":"https:\/\/archive.sana.sy\/tr\/index.php?rest_route=\/wp\/v2\/types\/post"}],"author":[{"embeddable":true,"href":"https:\/\/archive.sana.sy\/tr\/index.php?rest_route=\/wp\/v2\/users\/1"}],"replies":[{"embeddable":true,"href":"https:\/\/archive.sana.sy\/tr\/index.php?rest_route=%2Fwp%2Fv2%2Fcomments&post=55773"}],"version-history":[{"count":0,"href":"https:\/\/archive.sana.sy\/tr\/index.php?rest_route=\/wp\/v2\/posts\/55773\/revisions"}],"wp:featuredmedia":[{"embeddable":true,"href":"https:\/\/archive.sana.sy\/tr\/index.php?rest_route=\/wp\/v2\/media\/55783"}],"wp:attachment":[{"href":"https:\/\/archive.sana.sy\/tr\/index.php?rest_route=%2Fwp%2Fv2%2Fmedia&parent=55773"}],"wp:term":[{"taxonomy":"category","embeddable":true,"href":"https:\/\/archive.sana.sy\/tr\/index.php?rest_route=%2Fwp%2Fv2%2Fcategories&post=55773"},{"taxonomy":"post_tag","embeddable":true,"href":"https:\/\/archive.sana.sy\/tr\/index.php?rest_route=%2Fwp%2Fv2%2Ftags&post=55773"}],"curies":[{"name":"wp","href":"https:\/\/api.w.org\/{rel}","templated":true}]}}