{"id":55804,"date":"2015-12-20T09:36:11","date_gmt":"2015-12-20T07:36:11","guid":{"rendered":"http:\/\/www.sana.sy\/tr\/?p=55804"},"modified":"2015-12-20T15:37:25","modified_gmt":"2015-12-20T13:37:25","slug":"kardinal-cagrisini-yineledi","status":"publish","type":"post","link":"https:\/\/archive.sana.sy\/tr\/?p=55804","title":{"rendered":"Kardinal \u00c7a\u011fr\u0131s\u0131n\u0131 Yineledi"},"content":{"rendered":"<p>BEYRUT \u2013 Maruni Patri\u011fi Kardinal Mar B\u015fara Butros el Rai Suriye, Irak ve Yemen\u2019e y\u00f6nelik sava\u015fa son verilmesiyle birlikte Filistin davas\u0131n\u0131n uluslar aras\u0131 kararlar kapsam\u0131nda adil \u00e7\u00f6z\u00fclmesi \u00e7a\u011fr\u0131s\u0131n\u0131 yineledi.<\/p>\n<p>L\u00fcbnan&#8217;\u0131n Bekirki B\u00f6lgesindeki Seyyide Kilisesinde d\u00fczenlenen Pazar ayininde Kardinal Rai b\u00f6lgede bar\u0131\u015f ve istikrar\u0131n sa\u011flanmas\u0131 gere\u011finin \u00f6nemini ifade ederken, Suriye, Irak ve Yemen\u2019e y\u00f6nelik sava\u015flar\u0131n son bulmas\u0131 ve Filistin davas\u0131n\u0131n \u00e7\u00f6z\u00fclmesi gere\u011fini belirtti. Kardinal Rai m\u00fclteci ve ka\u00e7\u0131r\u0131lanlar\u0131n sa\u011f salim evlerine d\u00f6nmeleri \u00f6nemine dikkat \u00e7ekerek, halklar\u0131n da herhangi bir \u015fekilde d\u0131\u015f m\u00fcdahale olmaks\u0131z\u0131n kendi geleceklerini ve kaderlerini kendi elleriyle belirleyip yap\u0131land\u0131rmalar\u0131 \u00f6neminin alt\u0131n\u0131 \u00e7izdi.<\/p>\n<p>Dinler ve medeniyetler aras\u0131ndaki sava\u015flar\u0131 provoke eden ve bu sava\u015flar\u0131 kendi \u00e7\u0131karlar\u0131 i\u00e7in alevlendirip y\u00f6netenlere kar\u015f\u0131 m\u00fccadelenin \u00f6nemini belirten Kardinal Rai; din ad\u0131na \u00f6ld\u00fcr\u00fcp y\u0131kan ve ya\u011fmalayan ter\u00f6r \u00f6rg\u00fctlere kar\u015f\u0131 m\u00fccadele \u00e7abalar\u0131n\u0131n birle\u015ftirilmesi gere\u011fini ifade etti.<\/p>\n","protected":false},"excerpt":{"rendered":"<p>BEYRUT \u2013 Maruni Patri\u011fi Kardinal Mar B\u015fara Butros el Rai Suriye, Irak ve Yemen\u2019e y\u00f6nelik sava\u015fa son verilmesiyle birlikte Filistin davas\u0131n\u0131n uluslar aras\u0131 kararlar kapsam\u0131nda adil \u00e7\u00f6z\u00fclmesi \u00e7a\u011fr\u0131s\u0131n\u0131 yineledi. L\u00fcbnan&#8217;\u0131n Bekirki B\u00f6lgesindeki Seyyide Kilisesinde d\u00fczenlenen Pazar ayininde Kardinal Rai b\u00f6lgede bar\u0131\u015f ve istikrar\u0131n sa\u011flanmas\u0131 gere\u011finin \u00f6nemini ifade ederken, Suriye, Irak ve Yemen\u2019e y\u00f6nelik sava\u015flar\u0131n son &hellip;<\/p>\n","protected":false},"author":1,"featured_media":55805,"comment_status":"closed","ping_status":"closed","sticky":false,"template":"","format":"standard","meta":{"footnotes":""},"categories":[458,459,17988],"tags":[18158],"class_list":["post-55804","post","type-post","status-publish","format-standard","has-post-thumbnail","","category-dunya1","category-haberler-arap-uluslararasi-politika","category-son-haberler","tag-maruni-patrigi-kardinal-mar-bsara-butros-el-rai"],"_links":{"self":[{"href":"https:\/\/archive.sana.sy\/tr\/index.php?rest_route=\/wp\/v2\/posts\/55804","targetHints":{"allow":["GET"]}}],"collection":[{"href":"https:\/\/archive.sana.sy\/tr\/index.php?rest_route=\/wp\/v2\/posts"}],"about":[{"href":"https:\/\/archive.sana.sy\/tr\/index.php?rest_route=\/wp\/v2\/types\/post"}],"author":[{"embeddable":true,"href":"https:\/\/archive.sana.sy\/tr\/index.php?rest_route=\/wp\/v2\/users\/1"}],"replies":[{"embeddable":true,"href":"https:\/\/archive.sana.sy\/tr\/index.php?rest_route=%2Fwp%2Fv2%2Fcomments&post=55804"}],"version-history":[{"count":0,"href":"https:\/\/archive.sana.sy\/tr\/index.php?rest_route=\/wp\/v2\/posts\/55804\/revisions"}],"wp:featuredmedia":[{"embeddable":true,"href":"https:\/\/archive.sana.sy\/tr\/index.php?rest_route=\/wp\/v2\/media\/55805"}],"wp:attachment":[{"href":"https:\/\/archive.sana.sy\/tr\/index.php?rest_route=%2Fwp%2Fv2%2Fmedia&parent=55804"}],"wp:term":[{"taxonomy":"category","embeddable":true,"href":"https:\/\/archive.sana.sy\/tr\/index.php?rest_route=%2Fwp%2Fv2%2Fcategories&post=55804"},{"taxonomy":"post_tag","embeddable":true,"href":"https:\/\/archive.sana.sy\/tr\/index.php?rest_route=%2Fwp%2Fv2%2Ftags&post=55804"}],"curies":[{"name":"wp","href":"https:\/\/api.w.org\/{rel}","templated":true}]}}