{"id":55807,"date":"2015-12-20T09:37:57","date_gmt":"2015-12-20T07:37:57","guid":{"rendered":"http:\/\/www.sana.sy\/tr\/?p=55807"},"modified":"2015-12-20T16:27:36","modified_gmt":"2015-12-20T14:27:36","slug":"vatani-savunmak-herkesin-sorumlulugudur-video","status":"publish","type":"post","link":"https:\/\/archive.sana.sy\/tr\/?p=55807","title":{"rendered":"Vatan\u0131 Savunmak Herkesin Sorumlulu\u011fudur (video)"},"content":{"rendered":"<p>\u015eAM \u2013 Vatan\u0131 savunmak herkesin sorumlulu\u011fudur ilkesinden hareketle bir s\u00fcredir y\u00fcr\u00fct\u00fclen ve g\u00f6n\u00fcll\u00fc kat\u0131l\u0131mc\u0131lara verilen e\u011fitim kapsam\u0131nda d\u00fcn \u015eam genelinden kat\u0131lan vatanda\u015flar\u0131n e\u011fitimi tamamlan\u0131p mezun edildiler.<\/p>\n<p>Ter\u00f6re kar\u015f\u0131 sava\u015fta ordu birliklerimize destek olacak s\u00f6z konusu g\u00fc\u00e7ler \u015eam Valisi Bu\u015fr Yaz\u0131c\u0131 ve askeri subaylar\u0131n kat\u0131ld\u0131\u011f\u0131 mezuniyet t\u00f6renlerinde ald\u0131klar\u0131 e\u011fitimden ne kadar faydaland\u0131klar\u0131n\u0131 g\u00f6steren askeri bir sunum takdim ettiler.<\/p>\n<p>Bu devrede mezun olan 500 ki\u015finin aras\u0131nda doktor, m\u00fchendis, memur, \u00f6\u011fretmen ve muhtelif sekt\u00f6rlerde i\u015f\u00e7ilerin bulundu\u011fu ifade edildi.<\/p>\n<p>T\u00f6rende konu\u015fan Vali Sabban k\u0131sa s\u00fcreli e\u011fitime ra\u011fmen mezunlar\u0131n g\u00fczel bir performansa sahip olduklar\u0131na dikkat \u00e7ekerken, bunun da vatan ve onurunu savunma azim ve kararl\u0131l\u0131\u011f\u0131ndan kaynakland\u0131\u011f\u0131n\u0131 belirtti.<\/p>\n<p>https:\/\/www.youtube.com\/watch?v=J9-Y4bwqjQI<\/p>\n","protected":false},"excerpt":{"rendered":"<p>\u015eAM \u2013 Vatan\u0131 savunmak herkesin sorumlulu\u011fudur ilkesinden hareketle bir s\u00fcredir y\u00fcr\u00fct\u00fclen ve g\u00f6n\u00fcll\u00fc kat\u0131l\u0131mc\u0131lara verilen e\u011fitim kapsam\u0131nda d\u00fcn \u015eam genelinden kat\u0131lan vatanda\u015flar\u0131n e\u011fitimi tamamlan\u0131p mezun edildiler. Ter\u00f6re kar\u015f\u0131 sava\u015fta ordu birliklerimize destek olacak s\u00f6z konusu g\u00fc\u00e7ler \u015eam Valisi Bu\u015fr Yaz\u0131c\u0131 ve askeri subaylar\u0131n kat\u0131ld\u0131\u011f\u0131 mezuniyet t\u00f6renlerinde ald\u0131klar\u0131 e\u011fitimden ne kadar faydaland\u0131klar\u0131n\u0131 g\u00f6steren askeri bir sunum &hellip;<\/p>\n","protected":false},"author":1,"featured_media":55808,"comment_status":"closed","ping_status":"closed","sticky":false,"template":"","format":"standard","meta":{"footnotes":""},"categories":[596,526,479,17988,525,478],"tags":[18159],"class_list":["post-55807","post","type-post","status-publish","format-standard","has-post-thumbnail","","category-fotografli-raporlar","category-haber-ve-raporlar","category-haberler-yerel","category-son-haberler","category-toplum","category-yerel","tag-vatani-savunmak-herkesin-sorumlulugudur"],"_links":{"self":[{"href":"https:\/\/archive.sana.sy\/tr\/index.php?rest_route=\/wp\/v2\/posts\/55807","targetHints":{"allow":["GET"]}}],"collection":[{"href":"https:\/\/archive.sana.sy\/tr\/index.php?rest_route=\/wp\/v2\/posts"}],"about":[{"href":"https:\/\/archive.sana.sy\/tr\/index.php?rest_route=\/wp\/v2\/types\/post"}],"author":[{"embeddable":true,"href":"https:\/\/archive.sana.sy\/tr\/index.php?rest_route=\/wp\/v2\/users\/1"}],"replies":[{"embeddable":true,"href":"https:\/\/archive.sana.sy\/tr\/index.php?rest_route=%2Fwp%2Fv2%2Fcomments&post=55807"}],"version-history":[{"count":0,"href":"https:\/\/archive.sana.sy\/tr\/index.php?rest_route=\/wp\/v2\/posts\/55807\/revisions"}],"wp:featuredmedia":[{"embeddable":true,"href":"https:\/\/archive.sana.sy\/tr\/index.php?rest_route=\/wp\/v2\/media\/55808"}],"wp:attachment":[{"href":"https:\/\/archive.sana.sy\/tr\/index.php?rest_route=%2Fwp%2Fv2%2Fmedia&parent=55807"}],"wp:term":[{"taxonomy":"category","embeddable":true,"href":"https:\/\/archive.sana.sy\/tr\/index.php?rest_route=%2Fwp%2Fv2%2Fcategories&post=55807"},{"taxonomy":"post_tag","embeddable":true,"href":"https:\/\/archive.sana.sy\/tr\/index.php?rest_route=%2Fwp%2Fv2%2Ftags&post=55807"}],"curies":[{"name":"wp","href":"https:\/\/api.w.org\/{rel}","templated":true}]}}