{"id":5581,"date":"2014-07-21T13:09:44","date_gmt":"2014-07-21T10:09:44","guid":{"rendered":"http:\/\/www.sana.sy\/tr\/?p=5581"},"modified":"2014-07-21T13:09:44","modified_gmt":"2014-07-21T10:09:44","slug":"cocuk-felcine-karsi-yermuk-kampina-3-bin-asi","status":"publish","type":"post","link":"https:\/\/archive.sana.sy\/tr\/?p=5581","title":{"rendered":"\u00c7ocuk Felcine Kar\u015f\u0131 Yermuk Kamp\u0131na 3 Bin A\u015f\u0131"},"content":{"rendered":"<p>\u015eAM \u2013 Filistinli M\u00fclteciler Genel Kurul M\u00fcd\u00fcr\u00fc Ali Mustafa, Suriye\u2019deki yetkili taraflar\u0131n ve UNRWA ajans\u0131ndaki sa\u011fl\u0131k program\u0131n\u0131n Filistin K\u0131z\u0131lay\u0131na \u015eam Yermuk kamp\u0131ndaki \u00e7ocuklar\u0131 a\u015f\u0131lamak i\u00e7in 3000 \u00e7ocuk felci a\u015f\u0131s\u0131 verdi\u011fini belirtti.<\/p>\n<p>Mustafa SANA\u2019ya a\u00e7\u0131klamas\u0131nda, s\u00f6z konusu taraflar\u0131n Filistin K\u0131z\u0131lay\u0131na a\u015f\u0131 verme i\u015flemini s\u00fcrd\u00fcrd\u00fcklerini ve bu say\u0131n\u0131n \u00f6n\u00fcm\u00fczdeki g\u00fcnlerde 10 bine varaca\u011f\u0131n\u0131 a\u00e7\u0131klad\u0131.<\/p>\n<p>Nur \u0130lk Yard\u0131m, Kalk\u0131nsal ve ilerici gen\u00e7lik cemiyetinin baz\u0131 hastal\u0131klara kar\u015f\u0131 da\u011f\u0131t\u0131m merkezlerine gelenleri a\u015f\u0131lamaya ikinci g\u00fcn\u00fcnde devam ettiklerini a\u00e7\u0131klad\u0131.<\/p>\n<p>Mustafa, Suriye h\u00fck\u00fcmetinin deste\u011fi ve UNRWA\u2019n\u0131n denetimi alt\u0131nda d\u00fcn Pazar g\u00fcn\u00fc Yermuk ahalisine ekmek, re\u00e7el ve konservelerle birlikte 495 g\u0131da sepetinin da\u011f\u0131t\u0131ld\u0131\u011f\u0131na dikkat \u00e7ekti.<\/p>\n","protected":false},"excerpt":{"rendered":"<p>\u015eAM \u2013 Filistinli M\u00fclteciler Genel Kurul M\u00fcd\u00fcr\u00fc Ali Mustafa, Suriye\u2019deki yetkili taraflar\u0131n ve UNRWA ajans\u0131ndaki sa\u011fl\u0131k program\u0131n\u0131n Filistin K\u0131z\u0131lay\u0131na \u015eam Yermuk kamp\u0131ndaki \u00e7ocuklar\u0131 a\u015f\u0131lamak i\u00e7in 3000 \u00e7ocuk felci a\u015f\u0131s\u0131 verdi\u011fini belirtti. Mustafa SANA\u2019ya a\u00e7\u0131klamas\u0131nda, s\u00f6z konusu taraflar\u0131n Filistin K\u0131z\u0131lay\u0131na a\u015f\u0131 verme i\u015flemini s\u00fcrd\u00fcrd\u00fcklerini ve bu say\u0131n\u0131n \u00f6n\u00fcm\u00fczdeki g\u00fcnlerde 10 bine varaca\u011f\u0131n\u0131 a\u00e7\u0131klad\u0131. Nur \u0130lk Yard\u0131m, &hellip;<\/p>\n","protected":false},"author":1,"featured_media":5582,"comment_status":"closed","ping_status":"closed","sticky":false,"template":"","format":"standard","meta":{"footnotes":""},"categories":[479,478],"tags":[1217],"class_list":["post-5581","post","type-post","status-publish","format-standard","has-post-thumbnail","","category-haberler-yerel","category-yerel","tag-cocuk-felcine-karsi-yermuk-kampina-3-bin-asi"],"_links":{"self":[{"href":"https:\/\/archive.sana.sy\/tr\/index.php?rest_route=\/wp\/v2\/posts\/5581","targetHints":{"allow":["GET"]}}],"collection":[{"href":"https:\/\/archive.sana.sy\/tr\/index.php?rest_route=\/wp\/v2\/posts"}],"about":[{"href":"https:\/\/archive.sana.sy\/tr\/index.php?rest_route=\/wp\/v2\/types\/post"}],"author":[{"embeddable":true,"href":"https:\/\/archive.sana.sy\/tr\/index.php?rest_route=\/wp\/v2\/users\/1"}],"replies":[{"embeddable":true,"href":"https:\/\/archive.sana.sy\/tr\/index.php?rest_route=%2Fwp%2Fv2%2Fcomments&post=5581"}],"version-history":[{"count":0,"href":"https:\/\/archive.sana.sy\/tr\/index.php?rest_route=\/wp\/v2\/posts\/5581\/revisions"}],"wp:featuredmedia":[{"embeddable":true,"href":"https:\/\/archive.sana.sy\/tr\/index.php?rest_route=\/wp\/v2\/media\/5582"}],"wp:attachment":[{"href":"https:\/\/archive.sana.sy\/tr\/index.php?rest_route=%2Fwp%2Fv2%2Fmedia&parent=5581"}],"wp:term":[{"taxonomy":"category","embeddable":true,"href":"https:\/\/archive.sana.sy\/tr\/index.php?rest_route=%2Fwp%2Fv2%2Fcategories&post=5581"},{"taxonomy":"post_tag","embeddable":true,"href":"https:\/\/archive.sana.sy\/tr\/index.php?rest_route=%2Fwp%2Fv2%2Ftags&post=5581"}],"curies":[{"name":"wp","href":"https:\/\/api.w.org\/{rel}","templated":true}]}}