{"id":55843,"date":"2015-12-20T17:08:06","date_gmt":"2015-12-20T15:08:06","guid":{"rendered":"http:\/\/www.sana.sy\/tr\/?p=55843"},"modified":"2015-12-21T16:24:58","modified_gmt":"2015-12-21T14:24:58","slug":"suriye-ve-turkiye-halklarinin-kardesligi-zafer-kazanacaktir","status":"publish","type":"post","link":"https:\/\/archive.sana.sy\/tr\/?p=55843","title":{"rendered":"Suriye ve T\u00fcrkiye Halklar\u0131n\u0131n Karde\u015fli\u011fi Zafer Kazanacakt\u0131r"},"content":{"rendered":"<p>\u015eAM \u2013 Enformasyon bakan\u0131 Omran el Zoubi bug\u00fcn T\u00fcrkiye&#8217;de Vatan Partisinden bir heyetle g\u00f6r\u00fc\u015fmesinde Erdo\u011fan rejiminin iki \u00fclkenin dost halklar\u0131 aras\u0131ndaki s\u00fcre\u00e7te ge\u00e7ici bir durumdan ibaret oldu\u011funu, Suriye ve T\u00fcrkiye halklar\u0131 aras\u0131ndaki karde\u015flik ve dostluk duygular\u0131n\u0131n mutlaka zafer kazanaca\u011f\u0131n\u0131 ifade etti.<\/p>\n<p>Bakan Zoubi Suriye ve T\u00fcrkiye halklar\u0131 aras\u0131nda tarihsel derin karde\u015flik ili\u015fkilerinin bulundu\u011funa dikkat \u00e7ekerken, fakat Erdo\u011fan ve rejiminin sahip olduklar\u0131 ihvanc\u0131 ideolojiyi temel ald\u0131klar\u0131n\u0131 belirtti. Erdo\u011fan ve rejiminin iki \u00fclkenin ulusal ve halk \u00e7\u0131karlar\u0131n\u0131 bir kenara b\u0131rakt\u0131\u011f\u0131n\u0131 ifade eden Zoubi; bu tutumlar\u0131yla Suriye ve T\u00fcrkiye aras\u0131ndaki ili\u015fkilere, iki \u00fclke halklar\u0131na da b\u00fcy\u00fck zarar verdi\u011finin alt\u0131n\u0131 \u00e7izdi. Erdo\u011fan rejiminin t\u00fcm b\u00f6lge halklar\u0131na b\u00fcy\u00fck zarar verdi\u011finin herkes taraf\u0131ndan bilindi\u011fini ifade eden Zoubi; reel devlet kurumlar\u0131na sahip olmayan, petrodeolar ve radikal yobaz ideolojiye sahip Suudi Arabistan ve Katar gibi rejimlerin sadece Suriye&#8217;yi de\u011fil, T\u00fcrkiye ve daha ba\u015fka devletleri de y\u0131k\u0131p par\u00e7alamak istediklerine dikkat \u00e7ekti.<\/p>\n<p><img loading=\"lazy\" decoding=\"async\" class=\"alignright wp-image-55846 size-medium\" src=\"http:\/\/www.sana.sy\/tr\/wp-content\/uploads\/2015\/12\/3-16-300x159.jpg\" alt=\"3\" width=\"300\" height=\"159\" srcset=\"https:\/\/archive.sana.sy\/tr\/wp-content\/uploads\/2015\/12\/3-16-300x159.jpg 300w, https:\/\/archive.sana.sy\/tr\/wp-content\/uploads\/2015\/12\/3-16-150x80.jpg 150w, https:\/\/archive.sana.sy\/tr\/wp-content\/uploads\/2015\/12\/3-16-768x407.jpg 768w, https:\/\/archive.sana.sy\/tr\/wp-content\/uploads\/2015\/12\/3-16-1024x543.jpg 1024w, https:\/\/archive.sana.sy\/tr\/wp-content\/uploads\/2015\/12\/3-16-310x165.jpg 310w\" sizes=\"auto, (max-width: 300px) 100vw, 300px\" \/>Erdo\u011fan ve rejiminin I\u015e\u0130D ile ili\u015fkilerini inkar etmesinin m\u00fcmk\u00fcn olmad\u0131\u011f\u0131n\u0131 ifade eden Bakan Zoubi; ter\u00f6ristlerin ta\u015f\u0131d\u0131klar\u0131 petrol ve bunun kar\u015f\u0131l\u0131\u011f\u0131nda temin ettikleri silahlar\u0131n resmi s\u0131n\u0131r kap\u0131lar\u0131ndan T\u00fcrkiye&#8217;ye ge\u00e7tiklerini, bunlara ili\u015fkin g\u00f6r\u00fcnt\u00fclerin de mevcut oldu\u011funu vurgulad\u0131. Zoubi Erdo\u011fan ve rejiminin T\u00fcrkiye&#8217;yi devlet ve halk olarak ciddi tehlikelere s\u00fcr\u00fckledi\u011finin alt\u0131n\u0131 \u00e7izdi.<\/p>\n<p>Enformasyon Bakan\u0131 Zoubi enformasyon alan\u0131nda iki \u00fclke ve halklar\u0131 \u00e7\u0131karlar\u0131na hizmet edecek her t\u00fcrl\u00fc i\u015fbirli\u011fine haz\u0131r oldu\u011funu ifade etti.<\/p>\n<p>T\u00fcrkiyeli konuk heyet ba\u015fkan\u0131 \u0130smail Hakk\u0131 Pekin ise T\u00fcrkiye&#8217;nin Erdo\u011fan2dan ibaret olmad\u0131\u011f\u0131n\u0131, Erdo\u011fan\u2019\u0131n da b\u00f6lge devletlerinin par\u00e7alanmas\u0131 ve halklar\u0131n\u0131n hedef al\u0131nmas\u0131nda oynad\u0131\u011f\u0131 rol\u00fcn bedelini \u00f6demeye ba\u015flad\u0131\u011f\u0131n\u0131 belirtti. Pekin Erdo\u011fan\u2019\u0131n temelde \u0130srail\u2019in plan ve projeleri kapsam\u0131nda b\u00f6lge devletlerinin par\u00e7alanmas\u0131 i\u00e7in haz\u0131rlanan projelerin bir par\u00e7as\u0131 olarak iktidara geldi\u011fini s\u00f6yledi.<\/p>\n<p>T\u00fcrkiye \u00e7\u0131karlar\u0131n\u0131 g\u00f6z ard\u0131 edip belli ama\u00e7lara hizmet eden Erdo\u011fan politikalar\u0131na kar\u015f\u0131 m\u00fccadele etmenin \u00f6nemine i\u015faret eden Pekin; Suriye&#8217;nin T\u00fcrkiye a\u00e7\u0131s\u0131ndan Arap \u00fclkelerine a\u00e7\u0131lan temel kap\u0131 oldu\u011funun alt\u0131n\u0131 \u00e7izdi. Pekin Suudi Arabistan taraf\u0131ndan finanse edilen y\u0131k\u0131c\u0131 planlara kar\u015f\u0131 koymak i\u00e7in tarihten ders alan y\u00f6neticilere ihtiya\u00e7 oldu\u011funu ifade etti.<\/p>\n<p>Konuk heyet ba\u015fkan\u0131 Pekin Suriye&#8217;ye zarar verecek her \u015feyin, ayn\u0131 \u015fekilde T\u00fcrkiye&#8217;ye de zarar verdi\u011fini ve verece\u011finin alt\u0131n\u0131 \u00e7izdi. Pekin b\u00f6lge devletleri aras\u0131nda g\u00fc\u00e7l\u00fc bir ekonomik ve siyasi platformun olu\u015fturulmas\u0131 i\u00e7in gerekli g\u00fc\u00e7l\u00fc iradeye sahip olunmas\u0131 \u00f6neminin alt\u0131n\u0131 \u00e7izdi.<\/p>\n","protected":false},"excerpt":{"rendered":"<p>\u015eAM \u2013 Enformasyon bakan\u0131 Omran el Zoubi bug\u00fcn T\u00fcrkiye&#8217;de Vatan Partisinden bir heyetle g\u00f6r\u00fc\u015fmesinde Erdo\u011fan rejiminin iki \u00fclkenin dost halklar\u0131 aras\u0131ndaki s\u00fcre\u00e7te ge\u00e7ici bir durumdan ibaret oldu\u011funu, Suriye ve T\u00fcrkiye halklar\u0131 aras\u0131ndaki karde\u015flik ve dostluk duygular\u0131n\u0131n mutlaka zafer kazanaca\u011f\u0131n\u0131 ifade etti. Bakan Zoubi Suriye ve T\u00fcrkiye halklar\u0131 aras\u0131nda tarihsel derin karde\u015flik ili\u015fkilerinin bulundu\u011funa dikkat \u00e7ekerken, &hellip;<\/p>\n","protected":false},"author":1,"featured_media":55844,"comment_status":"closed","ping_status":"closed","sticky":false,"template":"","format":"standard","meta":{"footnotes":""},"categories":[479,17988,2554,2555,478],"tags":[],"class_list":["post-55843","post","type-post","status-publish","format-standard","has-post-thumbnail","","category-haberler-yerel","category-son-haberler","category-suriye-ve-dunya","category-suriye-ve-turkiye","category-yerel"],"_links":{"self":[{"href":"https:\/\/archive.sana.sy\/tr\/index.php?rest_route=\/wp\/v2\/posts\/55843","targetHints":{"allow":["GET"]}}],"collection":[{"href":"https:\/\/archive.sana.sy\/tr\/index.php?rest_route=\/wp\/v2\/posts"}],"about":[{"href":"https:\/\/archive.sana.sy\/tr\/index.php?rest_route=\/wp\/v2\/types\/post"}],"author":[{"embeddable":true,"href":"https:\/\/archive.sana.sy\/tr\/index.php?rest_route=\/wp\/v2\/users\/1"}],"replies":[{"embeddable":true,"href":"https:\/\/archive.sana.sy\/tr\/index.php?rest_route=%2Fwp%2Fv2%2Fcomments&post=55843"}],"version-history":[{"count":0,"href":"https:\/\/archive.sana.sy\/tr\/index.php?rest_route=\/wp\/v2\/posts\/55843\/revisions"}],"wp:featuredmedia":[{"embeddable":true,"href":"https:\/\/archive.sana.sy\/tr\/index.php?rest_route=\/wp\/v2\/media\/55844"}],"wp:attachment":[{"href":"https:\/\/archive.sana.sy\/tr\/index.php?rest_route=%2Fwp%2Fv2%2Fmedia&parent=55843"}],"wp:term":[{"taxonomy":"category","embeddable":true,"href":"https:\/\/archive.sana.sy\/tr\/index.php?rest_route=%2Fwp%2Fv2%2Fcategories&post=55843"},{"taxonomy":"post_tag","embeddable":true,"href":"https:\/\/archive.sana.sy\/tr\/index.php?rest_route=%2Fwp%2Fv2%2Ftags&post=55843"}],"curies":[{"name":"wp","href":"https:\/\/api.w.org\/{rel}","templated":true}]}}