{"id":55848,"date":"2015-12-21T08:53:31","date_gmt":"2015-12-21T06:53:31","guid":{"rendered":"http:\/\/www.sana.sy\/tr\/?p=55848"},"modified":"2015-12-21T13:24:51","modified_gmt":"2015-12-21T11:24:51","slug":"fuze-yolcu-otobusune-isabet-etti","status":"publish","type":"post","link":"https:\/\/archive.sana.sy\/tr\/?p=55848","title":{"rendered":"F\u00fcze Yolcu Otob\u00fcs\u00fcne \u0130sabet Etti"},"content":{"rendered":"<p>\u015eAM \u2013 Ba\u015fkent \u015eam\u2019\u0131n sivil yerle\u015fim alanlar\u0131 ve hizmet kurumlar\u0131n\u0131 geli\u015fig\u00fczel f\u00fczelerle hedef almaya devam eden ter\u00f6ristlerin f\u0131rlatt\u0131klar\u0131 bir f\u00fcze \u015eam\u2019\u0131n Mezze Semtinde \u015fehir i\u00e7i yolcu otob\u00fcs\u00fcn\u00fcn \u00fcst\u00fcne d\u00fc\u015ft\u00fc.<\/p>\n<p>SANA muhabiri hain sald\u0131r\u0131 sonucunda 9 ki\u015finin yaraland\u0131\u011f\u0131n\u0131 ifade ederken yaral\u0131lar\u0131n tedavi i\u00e7in hastaneye kald\u0131r\u0131ld\u0131klar\u0131n\u0131 s\u00f6zlerine ekledi.<\/p>\n<div id='gallery-1' class='gallery galleryid-55848 gallery-columns-3 gallery-size-medium'><figure class='gallery-item'>\n\t\t\t<div class='gallery-icon landscape'>\n\t\t\t\t<a href='https:\/\/archive.sana.sy\/tr\/wp-content\/uploads\/2015\/12\/Mezze-3.jpg'><img loading=\"lazy\" decoding=\"async\" width=\"300\" height=\"202\" src=\"https:\/\/archive.sana.sy\/tr\/wp-content\/uploads\/2015\/12\/Mezze-3-300x202.jpg\" class=\"attachment-medium size-medium\" alt=\"\" srcset=\"https:\/\/archive.sana.sy\/tr\/wp-content\/uploads\/2015\/12\/Mezze-3-300x202.jpg 300w, https:\/\/archive.sana.sy\/tr\/wp-content\/uploads\/2015\/12\/Mezze-3-150x101.jpg 150w, https:\/\/archive.sana.sy\/tr\/wp-content\/uploads\/2015\/12\/Mezze-3-768x517.jpg 768w, https:\/\/archive.sana.sy\/tr\/wp-content\/uploads\/2015\/12\/Mezze-3-1024x689.jpg 1024w, https:\/\/archive.sana.sy\/tr\/wp-content\/uploads\/2015\/12\/Mezze-3-110x75.jpg 110w\" sizes=\"auto, (max-width: 300px) 100vw, 300px\" \/><\/a>\n\t\t\t<\/div><\/figure><figure class='gallery-item'>\n\t\t\t<div class='gallery-icon landscape'>\n\t\t\t\t<a href='https:\/\/archive.sana.sy\/tr\/wp-content\/uploads\/2015\/12\/Mezze-1.jpg'><img loading=\"lazy\" decoding=\"async\" width=\"300\" height=\"188\" src=\"https:\/\/archive.sana.sy\/tr\/wp-content\/uploads\/2015\/12\/Mezze-1-300x188.jpg\" class=\"attachment-medium size-medium\" alt=\"\" srcset=\"https:\/\/archive.sana.sy\/tr\/wp-content\/uploads\/2015\/12\/Mezze-1-300x188.jpg 300w, https:\/\/archive.sana.sy\/tr\/wp-content\/uploads\/2015\/12\/Mezze-1-150x94.jpg 150w, https:\/\/archive.sana.sy\/tr\/wp-content\/uploads\/2015\/12\/Mezze-1-768x482.jpg 768w, https:\/\/archive.sana.sy\/tr\/wp-content\/uploads\/2015\/12\/Mezze-1.jpg 1000w\" sizes=\"auto, (max-width: 300px) 100vw, 300px\" \/><\/a>\n\t\t\t<\/div><\/figure><figure class='gallery-item'>\n\t\t\t<div class='gallery-icon landscape'>\n\t\t\t\t<a href='https:\/\/archive.sana.sy\/tr\/wp-content\/uploads\/2015\/12\/Mezze-2.jpg'><img loading=\"lazy\" decoding=\"async\" width=\"300\" height=\"242\" src=\"https:\/\/archive.sana.sy\/tr\/wp-content\/uploads\/2015\/12\/Mezze-2-300x242.jpg\" class=\"attachment-medium size-medium\" alt=\"\" srcset=\"https:\/\/archive.sana.sy\/tr\/wp-content\/uploads\/2015\/12\/Mezze-2-300x242.jpg 300w, https:\/\/archive.sana.sy\/tr\/wp-content\/uploads\/2015\/12\/Mezze-2-150x121.jpg 150w, https:\/\/archive.sana.sy\/tr\/wp-content\/uploads\/2015\/12\/Mezze-2-768x619.jpg 768w, https:\/\/archive.sana.sy\/tr\/wp-content\/uploads\/2015\/12\/Mezze-2.jpg 1000w\" sizes=\"auto, (max-width: 300px) 100vw, 300px\" \/><\/a>\n\t\t\t<\/div><\/figure>\n\t\t<\/div>\n\n<p>R.H.<\/p>\n","protected":false},"excerpt":{"rendered":"<p>\u015eAM \u2013 Ba\u015fkent \u015eam\u2019\u0131n sivil yerle\u015fim alanlar\u0131 ve hizmet kurumlar\u0131n\u0131 geli\u015fig\u00fczel f\u00fczelerle hedef almaya devam eden ter\u00f6ristlerin f\u0131rlatt\u0131klar\u0131 bir f\u00fcze \u015eam\u2019\u0131n Mezze Semtinde \u015fehir i\u00e7i yolcu otob\u00fcs\u00fcn\u00fcn \u00fcst\u00fcne d\u00fc\u015ft\u00fc. SANA muhabiri hain sald\u0131r\u0131 sonucunda 9 ki\u015finin yaraland\u0131\u011f\u0131n\u0131 ifade ederken yaral\u0131lar\u0131n tedavi i\u00e7in hastaneye kald\u0131r\u0131ld\u0131klar\u0131n\u0131 s\u00f6zlerine ekledi. R.H.<\/p>\n","protected":false},"author":1,"featured_media":55849,"comment_status":"closed","ping_status":"closed","sticky":false,"template":"","format":"standard","meta":{"footnotes":""},"categories":[575,17988],"tags":[18161],"class_list":["post-55848","post","type-post","status-publish","format-standard","has-post-thumbnail","","category-olaylar-ve-gercekler","category-son-haberler","tag-fuze-yolcu-otobusune-isabet-etti"],"_links":{"self":[{"href":"https:\/\/archive.sana.sy\/tr\/index.php?rest_route=\/wp\/v2\/posts\/55848","targetHints":{"allow":["GET"]}}],"collection":[{"href":"https:\/\/archive.sana.sy\/tr\/index.php?rest_route=\/wp\/v2\/posts"}],"about":[{"href":"https:\/\/archive.sana.sy\/tr\/index.php?rest_route=\/wp\/v2\/types\/post"}],"author":[{"embeddable":true,"href":"https:\/\/archive.sana.sy\/tr\/index.php?rest_route=\/wp\/v2\/users\/1"}],"replies":[{"embeddable":true,"href":"https:\/\/archive.sana.sy\/tr\/index.php?rest_route=%2Fwp%2Fv2%2Fcomments&post=55848"}],"version-history":[{"count":0,"href":"https:\/\/archive.sana.sy\/tr\/index.php?rest_route=\/wp\/v2\/posts\/55848\/revisions"}],"wp:featuredmedia":[{"embeddable":true,"href":"https:\/\/archive.sana.sy\/tr\/index.php?rest_route=\/wp\/v2\/media\/55849"}],"wp:attachment":[{"href":"https:\/\/archive.sana.sy\/tr\/index.php?rest_route=%2Fwp%2Fv2%2Fmedia&parent=55848"}],"wp:term":[{"taxonomy":"category","embeddable":true,"href":"https:\/\/archive.sana.sy\/tr\/index.php?rest_route=%2Fwp%2Fv2%2Fcategories&post=55848"},{"taxonomy":"post_tag","embeddable":true,"href":"https:\/\/archive.sana.sy\/tr\/index.php?rest_route=%2Fwp%2Fv2%2Ftags&post=55848"}],"curies":[{"name":"wp","href":"https:\/\/api.w.org\/{rel}","templated":true}]}}