{"id":55851,"date":"2015-12-21T09:00:23","date_gmt":"2015-12-21T07:00:23","guid":{"rendered":"http:\/\/www.sana.sy\/tr\/?p=55851"},"modified":"2015-12-21T09:00:23","modified_gmt":"2015-12-21T07:00:23","slug":"mikdat-erdogan-terorun-bir-parcasidir","status":"publish","type":"post","link":"https:\/\/archive.sana.sy\/tr\/?p=55851","title":{"rendered":"Mikdat: Erdo\u011fan Ter\u00f6r\u00fcn Bir Par\u00e7as\u0131d\u0131r"},"content":{"rendered":"<p>\u015eAM \u2013 D\u0131\u015fi\u015fleri ve Gurbet\u00e7iler Bakan\u0131 Yard\u0131mc\u0131s\u0131 Faysal el Mikdat T\u00fcrkiye&#8217;de Vatan Partisinden bir heyeti \u0130smail Hakk\u0131 Pekin ba\u015fkanl\u0131\u011f\u0131nda kabul\u00fc s\u0131ras\u0131nda Suriye ve T\u00fcrkiye halklar\u0131 aras\u0131ndaki karde\u015flik ve dostluk ili\u015fkilerinin tarihi derin k\u00f6klere dayand\u0131\u011f\u0131n\u0131, kimsenin de bu ili\u015fkileri sarsmaya g\u00fcc\u00fc olmad\u0131\u011f\u0131n\u0131 belirtti.<\/p>\n<p><a href=\"http:\/\/www.sana.sy\/tr\/?attachment_id=55853\" rel=\"attachment wp-att-55853\"><img loading=\"lazy\" decoding=\"async\" class=\"size-medium wp-image-55853 alignright\" src=\"http:\/\/www.sana.sy\/tr\/wp-content\/uploads\/2015\/12\/Mikdat-ve-T\u00fcrk-heyeti-2-300x200.jpg\" alt=\"Mikdat ve T\u00fcrk heyeti 2\" width=\"300\" height=\"200\" srcset=\"https:\/\/archive.sana.sy\/tr\/wp-content\/uploads\/2015\/12\/Mikdat-ve-T\u00fcrk-heyeti-2-300x200.jpg 300w, https:\/\/archive.sana.sy\/tr\/wp-content\/uploads\/2015\/12\/Mikdat-ve-T\u00fcrk-heyeti-2-150x100.jpg 150w, https:\/\/archive.sana.sy\/tr\/wp-content\/uploads\/2015\/12\/Mikdat-ve-T\u00fcrk-heyeti-2-768x511.jpg 768w, https:\/\/archive.sana.sy\/tr\/wp-content\/uploads\/2015\/12\/Mikdat-ve-T\u00fcrk-heyeti-2-1024x682.jpg 1024w\" sizes=\"auto, (max-width: 300px) 100vw, 300px\" \/><\/a>Mikdat Erdo\u011fan ve rejiminin Suriye&#8217;de tekfirci ter\u00f6ristleri desteklemenin ayn\u0131 s\u0131ra T\u00fcrkiye&#8217;de \u00f6zg\u00fcrl\u00fckleri k\u0131s\u0131tlama arac\u0131l\u0131\u011f\u0131 ile hem Suriye hem de T\u00fcrkiye halklar\u0131na kar\u015f\u0131 en \u00e7irkin su\u00e7lar\u0131 i\u015flemeye devam etti\u011fini belirtti.<\/p>\n<p>Erdo\u011fan ve rejiminin I\u015e\u0130D, Nusra Cephesi ya da tekfirci herhangi bir \u00f6rg\u00fcte kar\u015f\u0131 m\u00fccadelede herhangi bir pakt ya da koalisyona kat\u0131lmas\u0131na Suriye&#8217;nin hi\u00e7bir \u015fekilde g\u00fcvenmedi\u011fini ifade eden Mikdat; \u00f6yle ki Erdo\u011fan rejiminin, her t\u00fcrl\u00fc deste\u011fi temin etti\u011fi s\u00f6z konusu bu ter\u00f6r \u00f6rg\u00fctlerinin temel bir par\u00e7as\u0131 oldu\u011funu vurgulad\u0131.<\/p>\n<p>T\u00fcrkiye rejiminin Suriye&#8217;de tekfirci ter\u00f6re kar\u015f\u0131 operasyonlar\u0131 s\u0131ras\u0131nda Suriye hava sahas\u0131nda d\u00fc\u015f\u00fcrd\u00fc\u011f\u00fc Rus sava\u015f u\u00e7a\u011f\u0131 konusunda ise Mikdat; Erdo\u011fan rejiminin bunu I\u015e\u0130D ve Nusra Cephesine deste\u011finin yan\u0131 s\u0131ra tekfirci \u00e7etelerden sat\u0131n ald\u0131\u011f\u0131 \u00e7al\u0131nt\u0131 petrole \u00f6rt\u00fc te\u015fkil etme amac\u0131yla yapt\u0131\u011f\u0131n\u0131 belirtti.<\/p>\n<p>G\u00f6r\u00fc\u015fmede konuk heyet ba\u015fkan\u0131 Pekin T\u00fcrkiye halk\u0131n\u0131n b\u00fcy\u00fck \u00e7o\u011funlu\u011funun Suriye halk\u0131 ile g\u00fczel ili\u015fkilerden yana oldu\u011funu ifade ederken, Erdo\u011fan ve rejiminin tutum ve politikalar\u0131na kar\u015f\u0131 oldu\u011funu ifade etti. Pekin T\u00fcrkiye halk\u0131n\u0131n b\u00f6lgede artan ter\u00f6r ve Erdo\u011fan rejiminin bu ter\u00f6re s\u0131n\u0131rs\u0131z deste\u011finden endi\u015feli oldu\u011funu ifade ederken, bu ter\u00f6r\u00fcn ikinci hedefinin T\u00fcrkiye olaca\u011f\u0131n\u0131 irdeledi\u011fini vurgulad\u0131.<\/p>\n<p>Konuk heyet ba\u015fkan\u0131 ayr\u0131ca iki dost halk\u0131n \u00e7\u0131karlar\u0131 do\u011frultusunda i\u015fbirli\u011fi ve koordinasyonu peki\u015ftirme \u00f6neminin alt\u0131n\u0131 \u00e7izdi.<\/p>\n<p>R.H.<\/p>\n","protected":false},"excerpt":{"rendered":"<p>\u015eAM \u2013 D\u0131\u015fi\u015fleri ve Gurbet\u00e7iler Bakan\u0131 Yard\u0131mc\u0131s\u0131 Faysal el Mikdat T\u00fcrkiye&#8217;de Vatan Partisinden bir heyeti \u0130smail Hakk\u0131 Pekin ba\u015fkanl\u0131\u011f\u0131nda kabul\u00fc s\u0131ras\u0131nda Suriye ve T\u00fcrkiye halklar\u0131 aras\u0131ndaki karde\u015flik ve dostluk ili\u015fkilerinin tarihi derin k\u00f6klere dayand\u0131\u011f\u0131n\u0131, kimsenin de bu ili\u015fkileri sarsmaya g\u00fcc\u00fc olmad\u0131\u011f\u0131n\u0131 belirtti. Mikdat Erdo\u011fan ve rejiminin Suriye&#8217;de tekfirci ter\u00f6ristleri desteklemenin ayn\u0131 s\u0131ra T\u00fcrkiye&#8217;de \u00f6zg\u00fcrl\u00fckleri k\u0131s\u0131tlama &hellip;<\/p>\n","protected":false},"author":1,"featured_media":55852,"comment_status":"closed","ping_status":"closed","sticky":false,"template":"","format":"standard","meta":{"footnotes":""},"categories":[17988,2554,2555],"tags":[18162],"class_list":["post-55851","post","type-post","status-publish","format-standard","has-post-thumbnail","","category-son-haberler","category-suriye-ve-dunya","category-suriye-ve-turkiye","tag-mikdat-erdogan-terorun-bir-parcasidir"],"_links":{"self":[{"href":"https:\/\/archive.sana.sy\/tr\/index.php?rest_route=\/wp\/v2\/posts\/55851","targetHints":{"allow":["GET"]}}],"collection":[{"href":"https:\/\/archive.sana.sy\/tr\/index.php?rest_route=\/wp\/v2\/posts"}],"about":[{"href":"https:\/\/archive.sana.sy\/tr\/index.php?rest_route=\/wp\/v2\/types\/post"}],"author":[{"embeddable":true,"href":"https:\/\/archive.sana.sy\/tr\/index.php?rest_route=\/wp\/v2\/users\/1"}],"replies":[{"embeddable":true,"href":"https:\/\/archive.sana.sy\/tr\/index.php?rest_route=%2Fwp%2Fv2%2Fcomments&post=55851"}],"version-history":[{"count":0,"href":"https:\/\/archive.sana.sy\/tr\/index.php?rest_route=\/wp\/v2\/posts\/55851\/revisions"}],"wp:featuredmedia":[{"embeddable":true,"href":"https:\/\/archive.sana.sy\/tr\/index.php?rest_route=\/wp\/v2\/media\/55852"}],"wp:attachment":[{"href":"https:\/\/archive.sana.sy\/tr\/index.php?rest_route=%2Fwp%2Fv2%2Fmedia&parent=55851"}],"wp:term":[{"taxonomy":"category","embeddable":true,"href":"https:\/\/archive.sana.sy\/tr\/index.php?rest_route=%2Fwp%2Fv2%2Fcategories&post=55851"},{"taxonomy":"post_tag","embeddable":true,"href":"https:\/\/archive.sana.sy\/tr\/index.php?rest_route=%2Fwp%2Fv2%2Ftags&post=55851"}],"curies":[{"name":"wp","href":"https:\/\/api.w.org\/{rel}","templated":true}]}}