{"id":55859,"date":"2015-12-21T09:11:20","date_gmt":"2015-12-21T07:11:20","guid":{"rendered":"http:\/\/www.sana.sy\/tr\/?p=55859"},"modified":"2015-12-21T09:11:20","modified_gmt":"2015-12-21T07:11:20","slug":"suriyenin-madalya-sayisi-32ye-yukseldi","status":"publish","type":"post","link":"https:\/\/archive.sana.sy\/tr\/?p=55859","title":{"rendered":"Suriye&#8217;nin Madalya Say\u0131s\u0131 32\u2019ye Y\u00fckseldi"},"content":{"rendered":"<p>KAH\u0130RE \u2013 M\u0131s\u0131r\u2019\u0131n \u015eerem el \u015eeyh Kentinde d\u00fczenlenmekte olan Arap Halter \u015eampiyonas\u0131na kat\u0131lan milli haltercilerimizin kazand\u0131klar\u0131 madalyalar 32\u2019ye y\u00fckseldi.<\/p>\n<p>Milli haltercimiz Ahd el Cufeylinin iki g\u00fcm\u00fc\u015f madalya kazanmas\u0131yla \u015fampiyonlukta kazan\u0131lan g\u00fcm\u00fc\u015f madalyalar 22, bronz madalyalar da 12\u2019yi buldu.<\/p>\n<p>Milli haltercilerimizden Nahil Diyab daha \u00f6nce 6 g\u00fcm\u00fc\u015f madalya kazan\u0131rken, S\u00fcreyye Subh 6 g\u00fcm\u00fc\u015f, Rebba Ali el Dayii 4 4 g\u00fcm\u00fc\u015f 1 bronz, Muhammed Sait el Casim 2 g\u00fcm\u00fc\u015f 4 bronz, Ali Hezza\u2019da 6 bronz madalya kazanm\u0131\u015flard\u0131.<\/p>\n<p>R.H.<\/p>\n","protected":false},"excerpt":{"rendered":"<p>KAH\u0130RE \u2013 M\u0131s\u0131r\u2019\u0131n \u015eerem el \u015eeyh Kentinde d\u00fczenlenmekte olan Arap Halter \u015eampiyonas\u0131na kat\u0131lan milli haltercilerimizin kazand\u0131klar\u0131 madalyalar 32\u2019ye y\u00fckseldi. Milli haltercimiz Ahd el Cufeylinin iki g\u00fcm\u00fc\u015f madalya kazanmas\u0131yla \u015fampiyonlukta kazan\u0131lan g\u00fcm\u00fc\u015f madalyalar 22, bronz madalyalar da 12\u2019yi buldu. Milli haltercilerimizden Nahil Diyab daha \u00f6nce 6 g\u00fcm\u00fc\u015f madalya kazan\u0131rken, S\u00fcreyye Subh 6 g\u00fcm\u00fc\u015f, Rebba Ali el &hellip;<\/p>\n","protected":false},"author":1,"featured_media":55860,"comment_status":"closed","ping_status":"closed","sticky":false,"template":"","format":"standard","meta":{"footnotes":""},"categories":[498,496],"tags":[18164],"class_list":["post-55859","post","type-post","status-publish","format-standard","has-post-thumbnail","","category-dunya-turnuvalari","category-spor","tag-suriyenin-madalya-sayisi-32ye-yukseldi"],"_links":{"self":[{"href":"https:\/\/archive.sana.sy\/tr\/index.php?rest_route=\/wp\/v2\/posts\/55859","targetHints":{"allow":["GET"]}}],"collection":[{"href":"https:\/\/archive.sana.sy\/tr\/index.php?rest_route=\/wp\/v2\/posts"}],"about":[{"href":"https:\/\/archive.sana.sy\/tr\/index.php?rest_route=\/wp\/v2\/types\/post"}],"author":[{"embeddable":true,"href":"https:\/\/archive.sana.sy\/tr\/index.php?rest_route=\/wp\/v2\/users\/1"}],"replies":[{"embeddable":true,"href":"https:\/\/archive.sana.sy\/tr\/index.php?rest_route=%2Fwp%2Fv2%2Fcomments&post=55859"}],"version-history":[{"count":0,"href":"https:\/\/archive.sana.sy\/tr\/index.php?rest_route=\/wp\/v2\/posts\/55859\/revisions"}],"wp:featuredmedia":[{"embeddable":true,"href":"https:\/\/archive.sana.sy\/tr\/index.php?rest_route=\/wp\/v2\/media\/55860"}],"wp:attachment":[{"href":"https:\/\/archive.sana.sy\/tr\/index.php?rest_route=%2Fwp%2Fv2%2Fmedia&parent=55859"}],"wp:term":[{"taxonomy":"category","embeddable":true,"href":"https:\/\/archive.sana.sy\/tr\/index.php?rest_route=%2Fwp%2Fv2%2Fcategories&post=55859"},{"taxonomy":"post_tag","embeddable":true,"href":"https:\/\/archive.sana.sy\/tr\/index.php?rest_route=%2Fwp%2Fv2%2Ftags&post=55859"}],"curies":[{"name":"wp","href":"https:\/\/api.w.org\/{rel}","templated":true}]}}