{"id":55871,"date":"2015-12-21T09:30:33","date_gmt":"2015-12-21T07:30:33","guid":{"rendered":"http:\/\/www.sana.sy\/tr\/?p=55871"},"modified":"2015-12-21T10:21:24","modified_gmt":"2015-12-21T08:21:24","slug":"halaki-basarili-bir-yonetim-bilinc-deneyim-ve-durustlukle-donanmis-calisanlarla-mumkundur","status":"publish","type":"post","link":"https:\/\/archive.sana.sy\/tr\/?p=55871","title":{"rendered":"Halaki: Ba\u015far\u0131l\u0131 Bir Y\u00f6netim Bilin\u00e7 Deneyim ve D\u00fcr\u00fcstl\u00fckle Donanm\u0131\u015f \u00c7al\u0131\u015fanlarla M\u00fcmk\u00fcnd\u00fcr"},"content":{"rendered":"<p>\u015eAM \u2013 Ba\u015fbakan Vail el Halaki, H\u00fck\u00fcmetin, devletin genel mesleki projesini siyasi, idari, kalk\u0131nma ve stratejik bir proje olarak de\u011ferlendirdi\u011fini ve harfiyen uygulamaya b\u00fcy\u00fck bir \u00f6nem verdi\u011fini ifade etti.<\/p>\n<p>Kamu \u0130daresi \u0130\u00e7in Ulusal Enstit\u00fc \u00f6\u011frencilerinin mezuniyet t\u00f6renine kat\u0131lan Halaki; kamu idare, meslek ve h\u00fck\u00fcmet kurumlar\u0131 i\u015fleyi\u015finin s\u00fcrd\u00fcr\u00fclebilir kalk\u0131nma hedef ve stratejisini hayata ge\u00e7irmesinin \u00f6nemine dikkat \u00e7ekti.<\/p>\n<p>Enstit\u00fc mezunlar\u0131na e\u011fitim hayatlar\u0131 s\u00fcresince \u00f6\u011frendikleri bilgi ve becerileri uygulayarak mesleki ve ulusal sorumluluklar\u0131n\u0131 yerine getirme \u00e7a\u011fr\u0131s\u0131nda bulunan Halaki; ba\u015far\u0131l\u0131 bir y\u00f6netim ve idarenin bilin\u00e7, deneyim, d\u00fcr\u00fcstl\u00fck, samimiyet ve \u015feffafl\u0131k ile donanm\u0131\u015f \u00e7al\u0131\u015fanlar ile m\u00fcmk\u00fcn olabilece\u011fini belirtti.<\/p>\n<p>Bilinece\u011fi \u00fczere Kamu \u0130daresi \u0130\u00e7in Ulusal Enstit\u00fc2002 y\u0131l\u0131nda kurulmu\u015f olup bug\u00fcne kadar verdi\u011fi 535 mezun bakanl\u0131klar ve di\u011fer kamu kurumlar\u0131nda g\u00f6revlendirildi.<\/p>\n<div id='gallery-1' class='gallery galleryid-55871 gallery-columns-2 gallery-size-medium'><figure class='gallery-item'>\n\t\t\t<div class='gallery-icon landscape'>\n\t\t\t\t<a href='https:\/\/archive.sana.sy\/tr\/wp-content\/uploads\/2015\/12\/halaki-2-1.jpg'><img loading=\"lazy\" decoding=\"async\" width=\"300\" height=\"200\" src=\"https:\/\/archive.sana.sy\/tr\/wp-content\/uploads\/2015\/12\/halaki-2-1-300x200.jpg\" class=\"attachment-medium size-medium\" alt=\"\" srcset=\"https:\/\/archive.sana.sy\/tr\/wp-content\/uploads\/2015\/12\/halaki-2-1-300x200.jpg 300w, https:\/\/archive.sana.sy\/tr\/wp-content\/uploads\/2015\/12\/halaki-2-1-150x100.jpg 150w, https:\/\/archive.sana.sy\/tr\/wp-content\/uploads\/2015\/12\/halaki-2-1-768x511.jpg 768w, https:\/\/archive.sana.sy\/tr\/wp-content\/uploads\/2015\/12\/halaki-2-1-1024x681.jpg 1024w\" sizes=\"auto, (max-width: 300px) 100vw, 300px\" \/><\/a>\n\t\t\t<\/div><\/figure><figure class='gallery-item'>\n\t\t\t<div class='gallery-icon landscape'>\n\t\t\t\t<a href='https:\/\/archive.sana.sy\/tr\/wp-content\/uploads\/2015\/12\/halaki-3.jpg'><img loading=\"lazy\" decoding=\"async\" width=\"300\" height=\"198\" src=\"https:\/\/archive.sana.sy\/tr\/wp-content\/uploads\/2015\/12\/halaki-3-300x198.jpg\" class=\"attachment-medium size-medium\" alt=\"\" srcset=\"https:\/\/archive.sana.sy\/tr\/wp-content\/uploads\/2015\/12\/halaki-3-300x198.jpg 300w, https:\/\/archive.sana.sy\/tr\/wp-content\/uploads\/2015\/12\/halaki-3-150x99.jpg 150w, https:\/\/archive.sana.sy\/tr\/wp-content\/uploads\/2015\/12\/halaki-3-768x506.jpg 768w, https:\/\/archive.sana.sy\/tr\/wp-content\/uploads\/2015\/12\/halaki-3-1024x675.jpg 1024w, https:\/\/archive.sana.sy\/tr\/wp-content\/uploads\/2015\/12\/halaki-3-310x205.jpg 310w\" sizes=\"auto, (max-width: 300px) 100vw, 300px\" \/><\/a>\n\t\t\t<\/div><\/figure>\n\t\t<\/div>\n\n<p>F.B. &#8211; R.H.<\/p>\n","protected":false},"excerpt":{"rendered":"<p>\u015eAM \u2013 Ba\u015fbakan Vail el Halaki, H\u00fck\u00fcmetin, devletin genel mesleki projesini siyasi, idari, kalk\u0131nma ve stratejik bir proje olarak de\u011ferlendirdi\u011fini ve harfiyen uygulamaya b\u00fcy\u00fck bir \u00f6nem verdi\u011fini ifade etti. Kamu \u0130daresi \u0130\u00e7in Ulusal Enstit\u00fc \u00f6\u011frencilerinin mezuniyet t\u00f6renine kat\u0131lan Halaki; kamu idare, meslek ve h\u00fck\u00fcmet kurumlar\u0131 i\u015fleyi\u015finin s\u00fcrd\u00fcr\u00fclebilir kalk\u0131nma hedef ve stratejisini hayata ge\u00e7irmesinin \u00f6nemine dikkat &hellip;<\/p>\n","protected":false},"author":1,"featured_media":55872,"comment_status":"closed","ping_status":"closed","sticky":false,"template":"","format":"standard","meta":{"footnotes":""},"categories":[479,17988,478],"tags":[18168],"class_list":["post-55871","post","type-post","status-publish","format-standard","has-post-thumbnail","","category-haberler-yerel","category-son-haberler","category-yerel","tag-halaki-basarili-bir-yonetim-bilinc-deneyim-ve-durustlukle-donanmis-calisanlarla-mumkundur"],"_links":{"self":[{"href":"https:\/\/archive.sana.sy\/tr\/index.php?rest_route=\/wp\/v2\/posts\/55871","targetHints":{"allow":["GET"]}}],"collection":[{"href":"https:\/\/archive.sana.sy\/tr\/index.php?rest_route=\/wp\/v2\/posts"}],"about":[{"href":"https:\/\/archive.sana.sy\/tr\/index.php?rest_route=\/wp\/v2\/types\/post"}],"author":[{"embeddable":true,"href":"https:\/\/archive.sana.sy\/tr\/index.php?rest_route=\/wp\/v2\/users\/1"}],"replies":[{"embeddable":true,"href":"https:\/\/archive.sana.sy\/tr\/index.php?rest_route=%2Fwp%2Fv2%2Fcomments&post=55871"}],"version-history":[{"count":0,"href":"https:\/\/archive.sana.sy\/tr\/index.php?rest_route=\/wp\/v2\/posts\/55871\/revisions"}],"wp:featuredmedia":[{"embeddable":true,"href":"https:\/\/archive.sana.sy\/tr\/index.php?rest_route=\/wp\/v2\/media\/55872"}],"wp:attachment":[{"href":"https:\/\/archive.sana.sy\/tr\/index.php?rest_route=%2Fwp%2Fv2%2Fmedia&parent=55871"}],"wp:term":[{"taxonomy":"category","embeddable":true,"href":"https:\/\/archive.sana.sy\/tr\/index.php?rest_route=%2Fwp%2Fv2%2Fcategories&post=55871"},{"taxonomy":"post_tag","embeddable":true,"href":"https:\/\/archive.sana.sy\/tr\/index.php?rest_route=%2Fwp%2Fv2%2Ftags&post=55871"}],"curies":[{"name":"wp","href":"https:\/\/api.w.org\/{rel}","templated":true}]}}