{"id":55922,"date":"2015-12-21T16:09:30","date_gmt":"2015-12-21T14:09:30","guid":{"rendered":"http:\/\/www.sana.sy\/tr\/?p=55922"},"modified":"2015-12-21T16:09:30","modified_gmt":"2015-12-21T14:09:30","slug":"peskov-iddialari-yalanladi","status":"publish","type":"post","link":"https:\/\/archive.sana.sy\/tr\/?p=55922","title":{"rendered":"Peskov \u0130ddialar\u0131 Yalanlad\u0131"},"content":{"rendered":"<p>MOSKOVA \u2013 Rusya Ba\u015fkanl\u0131k Saray\u0131 Kremlin\u2019in resmi s\u00f6zc\u00fcs\u00fc Dimtry Peskov; Rusya&#8217;n\u0131n Suriye&#8217;deki askeri operasyonlar\u0131n\u0131n tamamen uluslar aras\u0131 kanunlar \u00e7er\u00e7evesinde oldu\u011funu belirterek, Rus hava g\u00fc\u00e7lerinin ter\u00f6re kar\u015f\u0131 operasyonlar\u0131nda misket bombalar\u0131 kulland\u0131\u011f\u0131na ili\u015fkin iddialar\u0131n ger\u00e7ekle hi\u00e7bir ili\u015fkisi olmad\u0131\u011f\u0131n\u0131n alt\u0131n\u0131 \u00e7izdi.<\/p>\n<p>RT web sitesinin bug\u00fcn aktard\u0131\u011f\u0131 a\u00e7\u0131klamalar\u0131nda Peskov; Rusya&#8217;n\u0131n operasyonlar\u0131nda kesin ve kat\u0131 bir \u015fekilde ilgili t\u00fcm uluslar aras\u0131 karar ve kanunlara ba\u011fl\u0131 kald\u0131\u011f\u0131n\u0131, bu konuda kimsenin ku\u015fku duymas\u0131n\u0131n da do\u011fru olmad\u0131\u011f\u0131n\u0131 ifade etti.<\/p>\n<p>Suriye ve halk\u0131na y\u00f6nelik sava\u015fta provokasyon yapan kimi medya ara\u00e7lar\u0131 ve uluslar aras\u0131 kimi \u00f6rg\u00fctler Rusya&#8217;n\u0131n Suriye&#8217;de ter\u00f6re kar\u015f\u0131 operasyonlar\u0131nda misket bombalar\u0131 kulland\u0131\u011f\u0131 konusunda yalan iddialarda bulunmu\u015flard\u0131.<\/p>\n","protected":false},"excerpt":{"rendered":"<p>MOSKOVA \u2013 Rusya Ba\u015fkanl\u0131k Saray\u0131 Kremlin\u2019in resmi s\u00f6zc\u00fcs\u00fc Dimtry Peskov; Rusya&#8217;n\u0131n Suriye&#8217;deki askeri operasyonlar\u0131n\u0131n tamamen uluslar aras\u0131 kanunlar \u00e7er\u00e7evesinde oldu\u011funu belirterek, Rus hava g\u00fc\u00e7lerinin ter\u00f6re kar\u015f\u0131 operasyonlar\u0131nda misket bombalar\u0131 kulland\u0131\u011f\u0131na ili\u015fkin iddialar\u0131n ger\u00e7ekle hi\u00e7bir ili\u015fkisi olmad\u0131\u011f\u0131n\u0131n alt\u0131n\u0131 \u00e7izdi. RT web sitesinin bug\u00fcn aktard\u0131\u011f\u0131 a\u00e7\u0131klamalar\u0131nda Peskov; Rusya&#8217;n\u0131n operasyonlar\u0131nda kesin ve kat\u0131 bir \u015fekilde ilgili t\u00fcm uluslar &hellip;<\/p>\n","protected":false},"author":1,"featured_media":46001,"comment_status":"closed","ping_status":"closed","sticky":false,"template":"","format":"standard","meta":{"footnotes":""},"categories":[458,459,17988],"tags":[18087],"class_list":["post-55922","post","type-post","status-publish","format-standard","has-post-thumbnail","","category-dunya1","category-haberler-arap-uluslararasi-politika","category-son-haberler","tag-rusya-baskanlik-sarayi-kremlinin-resmi-sozcusu-dimtry-peskov"],"_links":{"self":[{"href":"https:\/\/archive.sana.sy\/tr\/index.php?rest_route=\/wp\/v2\/posts\/55922","targetHints":{"allow":["GET"]}}],"collection":[{"href":"https:\/\/archive.sana.sy\/tr\/index.php?rest_route=\/wp\/v2\/posts"}],"about":[{"href":"https:\/\/archive.sana.sy\/tr\/index.php?rest_route=\/wp\/v2\/types\/post"}],"author":[{"embeddable":true,"href":"https:\/\/archive.sana.sy\/tr\/index.php?rest_route=\/wp\/v2\/users\/1"}],"replies":[{"embeddable":true,"href":"https:\/\/archive.sana.sy\/tr\/index.php?rest_route=%2Fwp%2Fv2%2Fcomments&post=55922"}],"version-history":[{"count":0,"href":"https:\/\/archive.sana.sy\/tr\/index.php?rest_route=\/wp\/v2\/posts\/55922\/revisions"}],"wp:featuredmedia":[{"embeddable":true,"href":"https:\/\/archive.sana.sy\/tr\/index.php?rest_route=\/wp\/v2\/media\/46001"}],"wp:attachment":[{"href":"https:\/\/archive.sana.sy\/tr\/index.php?rest_route=%2Fwp%2Fv2%2Fmedia&parent=55922"}],"wp:term":[{"taxonomy":"category","embeddable":true,"href":"https:\/\/archive.sana.sy\/tr\/index.php?rest_route=%2Fwp%2Fv2%2Fcategories&post=55922"},{"taxonomy":"post_tag","embeddable":true,"href":"https:\/\/archive.sana.sy\/tr\/index.php?rest_route=%2Fwp%2Fv2%2Ftags&post=55922"}],"curies":[{"name":"wp","href":"https:\/\/api.w.org\/{rel}","templated":true}]}}