{"id":55925,"date":"2015-12-21T13:10:04","date_gmt":"2015-12-21T11:10:04","guid":{"rendered":"http:\/\/www.sana.sy\/tr\/?p=55925"},"modified":"2015-12-21T16:21:08","modified_gmt":"2015-12-21T14:21:08","slug":"patrik-yazicidan-noel-mesaji","status":"publish","type":"post","link":"https:\/\/archive.sana.sy\/tr\/?p=55925","title":{"rendered":"Patrik Yaz\u0131c\u0131\u2019dan Noel Mesaj\u0131"},"content":{"rendered":"<p>BEYRUT \u2013 Antakya ve T\u00fcm Do\u011fu Rum Ortodokslar Patri\u011fi Xu. Yhanna Yaz\u0131c\u0131 Noel Bayram\u0131 m\u00fcnasebetiyle yay\u0131nlad\u0131\u011f\u0131 beyanda Suriye ve t\u00fcm b\u00f6lgede bar\u0131\u015f\u0131n sa\u011flanmas\u0131 \u00e7a\u011fr\u0131s\u0131n\u0131 yineledi.<\/p>\n<p>Patrik Yaz\u0131c\u0131 Noel Mesaj\u0131nda \u2018bug\u00fcn Suriye&#8217;de bar\u0131\u015f\u0131n, L\u00fcbnan\u2019da da istikrar\u0131n sa\u011flanmas\u0131 i\u00e7in dua ediyoruz. \u0130nsanl\u0131\u011f\u0131n kanayan yaras\u0131 Filistin\u2019de ac\u0131lar\u0131n son bulmas\u0131, Irak\u2019ta da bar\u0131\u015f ve istikrar\u0131n sa\u011flanmas\u0131 i\u00e7in dua ediyoruz. Ortado\u011fu\u2019nun tamam\u0131nda g\u00fcvenlik, bar\u0131\u015f ve istikrar\u0131n sa\u011flanmas\u0131, evlerinden tehcir edilenlerin ya da ter\u00f6ristler taraf\u0131ndan ka\u00e7\u0131r\u0131lanlar\u0131n evlerine d\u00f6nmelerini umut ediyor ve buna dua ediyoruz..\u201d dedi.<\/p>\n<p>B\u00f6lge halklar\u0131n\u0131n t\u00fcm\u00fcn\u00fcn bu s\u00fcre\u00e7 i\u00e7inde her zamandan daha \u00e7ok omuz omuza verip zorluklara kar\u015f\u0131 gelmeleri gerekti\u011fini ifade eden Patrik Yaz\u0131c\u0131, atalar\u0131m\u0131z\u0131n a\u015fkla ba\u011fland\u0131klar\u0131 bu topraklar\u0131 savunmada herkesin bir katk\u0131s\u0131 olmas\u0131 gerekti\u011fini belirtti. Patrik yaz\u0131c\u0131 b\u00f6lge halklar\u0131n\u0131n tarih boyunca karde\u015flik ve ho\u015fg\u00f6r\u00fc i\u00e7inde ya\u015fad\u0131klar\u0131na dikkat \u00e7ekerek, kimi g\u00fc\u00e7lerin provoke ettikleri ter\u00f6r ve tekfircili\u011fe son vermenin \u00f6nemini vurgulad\u0131.<\/p>\n","protected":false},"excerpt":{"rendered":"<p>BEYRUT \u2013 Antakya ve T\u00fcm Do\u011fu Rum Ortodokslar Patri\u011fi Xu. Yhanna Yaz\u0131c\u0131 Noel Bayram\u0131 m\u00fcnasebetiyle yay\u0131nlad\u0131\u011f\u0131 beyanda Suriye ve t\u00fcm b\u00f6lgede bar\u0131\u015f\u0131n sa\u011flanmas\u0131 \u00e7a\u011fr\u0131s\u0131n\u0131 yineledi. Patrik Yaz\u0131c\u0131 Noel Mesaj\u0131nda \u2018bug\u00fcn Suriye&#8217;de bar\u0131\u015f\u0131n, L\u00fcbnan\u2019da da istikrar\u0131n sa\u011flanmas\u0131 i\u00e7in dua ediyoruz. \u0130nsanl\u0131\u011f\u0131n kanayan yaras\u0131 Filistin\u2019de ac\u0131lar\u0131n son bulmas\u0131, Irak\u2019ta da bar\u0131\u015f ve istikrar\u0131n sa\u011flanmas\u0131 i\u00e7in dua ediyoruz. &hellip;<\/p>\n","protected":false},"author":1,"featured_media":55927,"comment_status":"closed","ping_status":"closed","sticky":false,"template":"","format":"standard","meta":{"footnotes":""},"categories":[458,459,17988],"tags":[18178],"class_list":["post-55925","post","type-post","status-publish","format-standard","has-post-thumbnail","","category-dunya1","category-haberler-arap-uluslararasi-politika","category-son-haberler","tag-antakya-ve-tum-dogu-rum-ortodokslar-patrigi-xu-yhanna-yazici"],"_links":{"self":[{"href":"https:\/\/archive.sana.sy\/tr\/index.php?rest_route=\/wp\/v2\/posts\/55925","targetHints":{"allow":["GET"]}}],"collection":[{"href":"https:\/\/archive.sana.sy\/tr\/index.php?rest_route=\/wp\/v2\/posts"}],"about":[{"href":"https:\/\/archive.sana.sy\/tr\/index.php?rest_route=\/wp\/v2\/types\/post"}],"author":[{"embeddable":true,"href":"https:\/\/archive.sana.sy\/tr\/index.php?rest_route=\/wp\/v2\/users\/1"}],"replies":[{"embeddable":true,"href":"https:\/\/archive.sana.sy\/tr\/index.php?rest_route=%2Fwp%2Fv2%2Fcomments&post=55925"}],"version-history":[{"count":0,"href":"https:\/\/archive.sana.sy\/tr\/index.php?rest_route=\/wp\/v2\/posts\/55925\/revisions"}],"wp:featuredmedia":[{"embeddable":true,"href":"https:\/\/archive.sana.sy\/tr\/index.php?rest_route=\/wp\/v2\/media\/55927"}],"wp:attachment":[{"href":"https:\/\/archive.sana.sy\/tr\/index.php?rest_route=%2Fwp%2Fv2%2Fmedia&parent=55925"}],"wp:term":[{"taxonomy":"category","embeddable":true,"href":"https:\/\/archive.sana.sy\/tr\/index.php?rest_route=%2Fwp%2Fv2%2Fcategories&post=55925"},{"taxonomy":"post_tag","embeddable":true,"href":"https:\/\/archive.sana.sy\/tr\/index.php?rest_route=%2Fwp%2Fv2%2Ftags&post=55925"}],"curies":[{"name":"wp","href":"https:\/\/api.w.org\/{rel}","templated":true}]}}