{"id":55947,"date":"2015-12-21T19:29:14","date_gmt":"2015-12-21T17:29:14","guid":{"rendered":"http:\/\/www.sana.sy\/tr\/?p=55947"},"modified":"2015-12-21T19:29:14","modified_gmt":"2015-12-21T17:29:14","slug":"kahraman-sehit-son-yolculuguna-ugurlandi","status":"publish","type":"post","link":"https:\/\/archive.sana.sy\/tr\/?p=55947","title":{"rendered":"Kahraman \u015eehit Son Yolculu\u011funa U\u011furland\u0131"},"content":{"rendered":"<p>BEYRUT \u2013 Ge\u00e7en Cumay\u0131 Cumartesiye ba\u011flayan gecede \u015eam k\u0131rsal\u0131 Ceramana Kasabas\u0131nda ter\u00f6rist d\u00fc\u015fman\u0131n sivil bir yerle\u015fim binas\u0131n\u0131 f\u00fczelerle imha etmesi sonucunda birka\u00e7 vatanda\u015fla birlikte \u015fehit d\u00fc\u015fen direni\u015f kahraman\u0131 \u015eehit Semir Kuntar bug\u00fcn Beyrut Banliy\u00f6s\u00fcnde g\u00f6rkemli bir t\u00f6renle son yolculu\u011funa u\u011furland\u0131.<\/p>\n<p><img loading=\"lazy\" decoding=\"async\" class=\"alignright wp-image-55950 size-medium\" src=\"http:\/\/www.sana.sy\/tr\/wp-content\/uploads\/2015\/12\/Kuntar-1-300x168.jpg\" alt=\"Kuntar 1\" width=\"300\" height=\"168\" srcset=\"https:\/\/archive.sana.sy\/tr\/wp-content\/uploads\/2015\/12\/Kuntar-1-300x168.jpg 300w, https:\/\/archive.sana.sy\/tr\/wp-content\/uploads\/2015\/12\/Kuntar-1-150x84.jpg 150w, https:\/\/archive.sana.sy\/tr\/wp-content\/uploads\/2015\/12\/Kuntar-1.jpg 660w\" sizes=\"auto, (max-width: 300px) 100vw, 300px\" \/>L\u00fcbnan Direni\u015fi Hizbullah Partisinin Y\u00fcr\u00fctme Ofis Ba\u015fkan\u0131 Hi\u015fam Safiyyuddin; kahraman \u015fehidin Filistin, L\u00fcbnan ve t\u00fcm Arap davalar\u0131n\u0131n bariz direni\u015f\u00e7isi olmas\u0131yla milletin \u015fehidi oldu\u011funu belirtti. Safiyyuddin \u015eehit Kuntar\u2019\u0131n direni\u015f ideolojisi ve d\u00fcr\u00fcst karakterlerine dikkat \u00e7ekti.<\/p>\n<p>1962 L\u00fcbnan Abbiye Beldesi do\u011fumlu \u015eehit Kuntar 16 ya\u015flar\u0131nda Siyonist d\u00fc\u015fman \u0130srail taraf\u0131ndan esir al\u0131nm\u0131\u015f, 30 y\u0131l tutukevlerinde kalmas\u0131 ard\u0131ndan 2008 y\u0131l\u0131nda Hizbullah ile esir de\u011fi\u015f toku\u015funda serbest b\u0131rak\u0131lm\u0131\u015ft\u0131.<\/p>\n<p>Bu arada Suriye&#8217;nin Beyrut B\u00fcy\u00fckel\u00e7isi Ali Abd\u00fclkerim Cumhurba\u015fkan\u0131 el Esad\u2019\u0131n direktifleriyle \u015fehit ailesi ve L\u00fcbnan direni\u015fine taziyelerini ifade etti.<\/p>\n<p>Filistin Kurtulu\u015f Ordusu Genelkurmayl\u0131\u011f\u0131 yay\u0131nlad\u0131\u011f\u0131 beyanda \u015eehit Kuntar\u2019\u0131 hedef alan d\u00fc\u015fman sald\u0131r\u0131n\u0131n, tekfirci ter\u00f6r \u00f6rg\u00fctleri ile Siyonist \u0130srail aras\u0131ndaki ba\u011flant\u0131lara yeni ve kesin bir kan\u0131t te\u015fkil etti\u011fini ifade etti.<\/p>\n<p>Filistin Kurtulu\u015f \u00d6rg\u00fct\u00fc Siyasi Ofis Ba\u015fkan\u0131 Enver Abd\u00fclhadi ter\u00f6rist sald\u0131r\u0131y\u0131 \u015fiddetle k\u0131nad\u0131\u011f\u0131n\u0131 belirtti.<\/p>\n<p>Filistin Halk Direni\u015f Cephesi ise sald\u0131r\u0131y\u0131 k\u0131nama beyan\u0131nda; d\u00fc\u015fman \u0130srail&#8217;in bu gibi sald\u0131r\u0131larla direni\u015f \u00e7izgisini as\u0131l hedefinden sapt\u0131ramayaca\u011f\u0131n\u0131 vurgulad\u0131.<\/p>\n","protected":false},"excerpt":{"rendered":"<p>BEYRUT \u2013 Ge\u00e7en Cumay\u0131 Cumartesiye ba\u011flayan gecede \u015eam k\u0131rsal\u0131 Ceramana Kasabas\u0131nda ter\u00f6rist d\u00fc\u015fman\u0131n sivil bir yerle\u015fim binas\u0131n\u0131 f\u00fczelerle imha etmesi sonucunda birka\u00e7 vatanda\u015fla birlikte \u015fehit d\u00fc\u015fen direni\u015f kahraman\u0131 \u015eehit Semir Kuntar bug\u00fcn Beyrut Banliy\u00f6s\u00fcnde g\u00f6rkemli bir t\u00f6renle son yolculu\u011funa u\u011furland\u0131. L\u00fcbnan Direni\u015fi Hizbullah Partisinin Y\u00fcr\u00fctme Ofis Ba\u015fkan\u0131 Hi\u015fam Safiyyuddin; kahraman \u015fehidin Filistin, L\u00fcbnan ve t\u00fcm &hellip;<\/p>\n","protected":false},"author":1,"featured_media":55948,"comment_status":"closed","ping_status":"closed","sticky":false,"template":"","format":"standard","meta":{"footnotes":""},"categories":[458,459,17988],"tags":[18182],"class_list":["post-55947","post","type-post","status-publish","format-standard","has-post-thumbnail","","category-dunya1","category-haberler-arap-uluslararasi-politika","category-son-haberler","tag-kahraman-sehit-son-yolculuguna-ugurlandi"],"_links":{"self":[{"href":"https:\/\/archive.sana.sy\/tr\/index.php?rest_route=\/wp\/v2\/posts\/55947","targetHints":{"allow":["GET"]}}],"collection":[{"href":"https:\/\/archive.sana.sy\/tr\/index.php?rest_route=\/wp\/v2\/posts"}],"about":[{"href":"https:\/\/archive.sana.sy\/tr\/index.php?rest_route=\/wp\/v2\/types\/post"}],"author":[{"embeddable":true,"href":"https:\/\/archive.sana.sy\/tr\/index.php?rest_route=\/wp\/v2\/users\/1"}],"replies":[{"embeddable":true,"href":"https:\/\/archive.sana.sy\/tr\/index.php?rest_route=%2Fwp%2Fv2%2Fcomments&post=55947"}],"version-history":[{"count":0,"href":"https:\/\/archive.sana.sy\/tr\/index.php?rest_route=\/wp\/v2\/posts\/55947\/revisions"}],"wp:featuredmedia":[{"embeddable":true,"href":"https:\/\/archive.sana.sy\/tr\/index.php?rest_route=\/wp\/v2\/media\/55948"}],"wp:attachment":[{"href":"https:\/\/archive.sana.sy\/tr\/index.php?rest_route=%2Fwp%2Fv2%2Fmedia&parent=55947"}],"wp:term":[{"taxonomy":"category","embeddable":true,"href":"https:\/\/archive.sana.sy\/tr\/index.php?rest_route=%2Fwp%2Fv2%2Fcategories&post=55947"},{"taxonomy":"post_tag","embeddable":true,"href":"https:\/\/archive.sana.sy\/tr\/index.php?rest_route=%2Fwp%2Fv2%2Ftags&post=55947"}],"curies":[{"name":"wp","href":"https:\/\/api.w.org\/{rel}","templated":true}]}}