{"id":55961,"date":"2015-12-22T13:39:57","date_gmt":"2015-12-22T11:39:57","guid":{"rendered":"http:\/\/www.sana.sy\/tr\/?p=55961"},"modified":"2015-12-22T13:39:57","modified_gmt":"2015-12-22T11:39:57","slug":"gorusmeler-onumuzdeki-ay-baslarinda-cenevrede-olacak","status":"publish","type":"post","link":"https:\/\/archive.sana.sy\/tr\/?p=55961","title":{"rendered":"G\u00f6r\u00fc\u015fmeler \u00d6n\u00fcm\u00fczdeki Ay Ba\u015flar\u0131nda Cenevre&#8217;de Olacak"},"content":{"rendered":"<p>CENEVRE \u2013 Birle\u015fmi\u015f Milletler resmi s\u00f6zc\u00fcs\u00fc Real Lublinie Suriye konulu uluslar aras\u0131 g\u00f6r\u00fc\u015fmelerin beklenen turunun \u00f6n\u00fcm\u00fczdeki ay\u0131n ba\u015flar\u0131nda BM denetimi alt\u0131nda Cenevre\u2019de d\u00fczenlenece\u011fini ilan etti.<\/p>\n<p>BM s\u00f6zc\u00fcs\u00fc AFP\u2019nin aktard\u0131\u011f\u0131 a\u00e7\u0131klamalar\u0131nda g\u00f6r\u00fc\u015fmelerin \u00f6n\u00fcm\u00fczdeki ay\u0131n ba\u015flar\u0131nda olaca\u011f\u0131n\u0131, fakat tarihin hen\u00fcz tam olarak belirlenmedi\u011fini s\u00f6yledi.<\/p>\n","protected":false},"excerpt":{"rendered":"<p>CENEVRE \u2013 Birle\u015fmi\u015f Milletler resmi s\u00f6zc\u00fcs\u00fc Real Lublinie Suriye konulu uluslar aras\u0131 g\u00f6r\u00fc\u015fmelerin beklenen turunun \u00f6n\u00fcm\u00fczdeki ay\u0131n ba\u015flar\u0131nda BM denetimi alt\u0131nda Cenevre\u2019de d\u00fczenlenece\u011fini ilan etti. BM s\u00f6zc\u00fcs\u00fc AFP\u2019nin aktard\u0131\u011f\u0131 a\u00e7\u0131klamalar\u0131nda g\u00f6r\u00fc\u015fmelerin \u00f6n\u00fcm\u00fczdeki ay\u0131n ba\u015flar\u0131nda olaca\u011f\u0131n\u0131, fakat tarihin hen\u00fcz tam olarak belirlenmedi\u011fini s\u00f6yledi.<\/p>\n","protected":false},"author":1,"featured_media":55962,"comment_status":"closed","ping_status":"closed","sticky":false,"template":"","format":"standard","meta":{"footnotes":""},"categories":[458,459,17988],"tags":[18186,18185,18187],"class_list":["post-55961","post","type-post","status-publish","format-standard","has-post-thumbnail","","category-dunya1","category-haberler-arap-uluslararasi-politika","category-son-haberler","tag-birlesmis-milletler-resmi-sozcusu","tag-cenevre","tag-suriye-konulu-uluslar-arasi-gorusmeler"],"_links":{"self":[{"href":"https:\/\/archive.sana.sy\/tr\/index.php?rest_route=\/wp\/v2\/posts\/55961","targetHints":{"allow":["GET"]}}],"collection":[{"href":"https:\/\/archive.sana.sy\/tr\/index.php?rest_route=\/wp\/v2\/posts"}],"about":[{"href":"https:\/\/archive.sana.sy\/tr\/index.php?rest_route=\/wp\/v2\/types\/post"}],"author":[{"embeddable":true,"href":"https:\/\/archive.sana.sy\/tr\/index.php?rest_route=\/wp\/v2\/users\/1"}],"replies":[{"embeddable":true,"href":"https:\/\/archive.sana.sy\/tr\/index.php?rest_route=%2Fwp%2Fv2%2Fcomments&post=55961"}],"version-history":[{"count":0,"href":"https:\/\/archive.sana.sy\/tr\/index.php?rest_route=\/wp\/v2\/posts\/55961\/revisions"}],"wp:featuredmedia":[{"embeddable":true,"href":"https:\/\/archive.sana.sy\/tr\/index.php?rest_route=\/wp\/v2\/media\/55962"}],"wp:attachment":[{"href":"https:\/\/archive.sana.sy\/tr\/index.php?rest_route=%2Fwp%2Fv2%2Fmedia&parent=55961"}],"wp:term":[{"taxonomy":"category","embeddable":true,"href":"https:\/\/archive.sana.sy\/tr\/index.php?rest_route=%2Fwp%2Fv2%2Fcategories&post=55961"},{"taxonomy":"post_tag","embeddable":true,"href":"https:\/\/archive.sana.sy\/tr\/index.php?rest_route=%2Fwp%2Fv2%2Ftags&post=55961"}],"curies":[{"name":"wp","href":"https:\/\/api.w.org\/{rel}","templated":true}]}}