{"id":55964,"date":"2015-12-22T13:45:50","date_gmt":"2015-12-22T11:45:50","guid":{"rendered":"http:\/\/www.sana.sy\/tr\/?p=55964"},"modified":"2015-12-22T13:46:05","modified_gmt":"2015-12-22T11:46:05","slug":"23-ila-26-aralikta-cini-ziyaret-edecek","status":"publish","type":"post","link":"https:\/\/archive.sana.sy\/tr\/?p=55964","title":{"rendered":"\u00c7in\u2019i Ziyaret Edecek"},"content":{"rendered":"<p>PEK\u0130N \u2013 \u00c7in Halk Cumhuriyeti resmi s\u00f6zc\u00fcs\u00fc Hong Lei, Ba\u015fbakan Yard\u0131mc\u0131s\u0131 D\u0131\u015fi\u015fleri ve Gurbet\u00e7iler Bakan\u0131 Velid el muallim\u2019in bu hafta \u00c7in\u2019i ziyaret edece\u011fini ilan etti.<\/p>\n<p>Hong bug\u00fcn yapt\u0131\u011f\u0131 bas\u0131n a\u00e7\u0131klamalar\u0131nda Muallim\u2019in 23 ila 26 tarihleri aras\u0131nda Pekin\u2019i ziyaret edece\u011fini ve \u00c7inli mevkida\u015f\u0131 Wang Yi ile temaslarda bulunaca\u011f\u0131n\u0131 a\u00e7\u0131klad\u0131.<\/p>\n<p>\u00c7in D\u0131\u015fi\u015fleri Bakanl\u0131\u011f\u0131 s\u00f6zc\u00fcs\u00fc d\u00fcn \u00fclkesinin; Suriye&#8217;deki krize siyasi \u00e7\u00f6z\u00fcm s\u00fcrecinin ilerletilmesine katk\u0131da bulunma amac\u0131yla Suriye h\u00fck\u00fcmeti ve muhalefet temsilcilerini diyalog i\u00e7in Pekin\u2019e davet edece\u011fini ilan etmi\u015fti.<\/p>\n","protected":false},"excerpt":{"rendered":"<p>PEK\u0130N \u2013 \u00c7in Halk Cumhuriyeti resmi s\u00f6zc\u00fcs\u00fc Hong Lei, Ba\u015fbakan Yard\u0131mc\u0131s\u0131 D\u0131\u015fi\u015fleri ve Gurbet\u00e7iler Bakan\u0131 Velid el muallim\u2019in bu hafta \u00c7in\u2019i ziyaret edece\u011fini ilan etti. Hong bug\u00fcn yapt\u0131\u011f\u0131 bas\u0131n a\u00e7\u0131klamalar\u0131nda Muallim\u2019in 23 ila 26 tarihleri aras\u0131nda Pekin\u2019i ziyaret edece\u011fini ve \u00c7inli mevkida\u015f\u0131 Wang Yi ile temaslarda bulunaca\u011f\u0131n\u0131 a\u00e7\u0131klad\u0131. \u00c7in D\u0131\u015fi\u015fleri Bakanl\u0131\u011f\u0131 s\u00f6zc\u00fcs\u00fc d\u00fcn \u00fclkesinin; Suriye&#8217;deki &hellip;<\/p>\n","protected":false},"author":1,"featured_media":54103,"comment_status":"closed","ping_status":"closed","sticky":false,"template":"","format":"standard","meta":{"footnotes":""},"categories":[458,459,17988],"tags":[16772,18188],"class_list":["post-55964","post","type-post","status-publish","format-standard","has-post-thumbnail","","category-dunya1","category-haberler-arap-uluslararasi-politika","category-son-haberler","tag-basbakan-yardimcisi-disisleri-ve-gurbetciler-bakani-velid-el-muallim","tag-cin-halk-cumhuriyeti-resmi-sozcusu-hong-lei"],"_links":{"self":[{"href":"https:\/\/archive.sana.sy\/tr\/index.php?rest_route=\/wp\/v2\/posts\/55964","targetHints":{"allow":["GET"]}}],"collection":[{"href":"https:\/\/archive.sana.sy\/tr\/index.php?rest_route=\/wp\/v2\/posts"}],"about":[{"href":"https:\/\/archive.sana.sy\/tr\/index.php?rest_route=\/wp\/v2\/types\/post"}],"author":[{"embeddable":true,"href":"https:\/\/archive.sana.sy\/tr\/index.php?rest_route=\/wp\/v2\/users\/1"}],"replies":[{"embeddable":true,"href":"https:\/\/archive.sana.sy\/tr\/index.php?rest_route=%2Fwp%2Fv2%2Fcomments&post=55964"}],"version-history":[{"count":0,"href":"https:\/\/archive.sana.sy\/tr\/index.php?rest_route=\/wp\/v2\/posts\/55964\/revisions"}],"wp:featuredmedia":[{"embeddable":true,"href":"https:\/\/archive.sana.sy\/tr\/index.php?rest_route=\/wp\/v2\/media\/54103"}],"wp:attachment":[{"href":"https:\/\/archive.sana.sy\/tr\/index.php?rest_route=%2Fwp%2Fv2%2Fmedia&parent=55964"}],"wp:term":[{"taxonomy":"category","embeddable":true,"href":"https:\/\/archive.sana.sy\/tr\/index.php?rest_route=%2Fwp%2Fv2%2Fcategories&post=55964"},{"taxonomy":"post_tag","embeddable":true,"href":"https:\/\/archive.sana.sy\/tr\/index.php?rest_route=%2Fwp%2Fv2%2Ftags&post=55964"}],"curies":[{"name":"wp","href":"https:\/\/api.w.org\/{rel}","templated":true}]}}