{"id":56048,"date":"2015-12-23T12:30:52","date_gmt":"2015-12-23T10:30:52","guid":{"rendered":"http:\/\/www.sana.sy\/tr\/?p=56048"},"modified":"2015-12-23T13:04:38","modified_gmt":"2015-12-23T11:04:38","slug":"biz-de-suriyeye-insani-yardim-sunma-planlari-yapiyoruz","status":"publish","type":"post","link":"https:\/\/archive.sana.sy\/tr\/?p=56048","title":{"rendered":"Biz de Suriye&#8217;ye \u0130nsani Yard\u0131m Sunma Planlar\u0131 Yap\u0131yoruz"},"content":{"rendered":"<p>MOSKOVA \u2013 Rusya Acil Durumlar Bakanl\u0131\u011f\u0131 Moskova&#8217;n\u0131n 2016 y\u0131l\u0131nda Suriye, Irak ve Yemen\u2019e insani yard\u0131mlar\u0131n\u0131 s\u00fcrd\u00fcrece\u011fini belirtti.<\/p>\n<p>Rusya Acil Durumlar Bakan\u0131 Vladimir Pu\u00e7kov \u0130svi\u00e7re Kalk\u0131nma ve \u0130\u015fbirli\u011fi Ajans\u0131nda \u0130nsani Yard\u0131m Departman\u0131 Ba\u015fkan\u0131 Manuel Bessler ile g\u00f6r\u00fc\u015fmesinde bakanl\u0131\u011f\u0131n 2016 y\u0131l\u0131nda ayr\u0131ca Tunus, K\u00fcba, Kamerun ve daha ba\u015fka devletlere de insani yard\u0131m takdim etme planlar\u0131 yapt\u0131\u011f\u0131n\u0131 ifade etti.<\/p>\n<p>G\u00f6r\u00fc\u015fmede Bessler \u00fclkesinin de Suriye ve civar\u0131ndaki devletlere insani yard\u0131m takdim etme planlar\u0131 yapt\u0131\u011f\u0131n\u0131 ifade etti.<\/p>\n<p>R.H.<\/p>\n","protected":false},"excerpt":{"rendered":"<p>MOSKOVA \u2013 Rusya Acil Durumlar Bakanl\u0131\u011f\u0131 Moskova&#8217;n\u0131n 2016 y\u0131l\u0131nda Suriye, Irak ve Yemen\u2019e insani yard\u0131mlar\u0131n\u0131 s\u00fcrd\u00fcrece\u011fini belirtti. Rusya Acil Durumlar Bakan\u0131 Vladimir Pu\u00e7kov \u0130svi\u00e7re Kalk\u0131nma ve \u0130\u015fbirli\u011fi Ajans\u0131nda \u0130nsani Yard\u0131m Departman\u0131 Ba\u015fkan\u0131 Manuel Bessler ile g\u00f6r\u00fc\u015fmesinde bakanl\u0131\u011f\u0131n 2016 y\u0131l\u0131nda ayr\u0131ca Tunus, K\u00fcba, Kamerun ve daha ba\u015fka devletlere de insani yard\u0131m takdim etme planlar\u0131 yapt\u0131\u011f\u0131n\u0131 ifade &hellip;<\/p>\n","protected":false},"author":1,"featured_media":56049,"comment_status":"closed","ping_status":"closed","sticky":false,"template":"","format":"standard","meta":{"footnotes":""},"categories":[458,459,17988],"tags":[18203],"class_list":["post-56048","post","type-post","status-publish","format-standard","has-post-thumbnail","","category-dunya1","category-haberler-arap-uluslararasi-politika","category-son-haberler","tag-biz-de-suriyeye-insani-yardim-sunma-planlari-yapiyoruz"],"_links":{"self":[{"href":"https:\/\/archive.sana.sy\/tr\/index.php?rest_route=\/wp\/v2\/posts\/56048","targetHints":{"allow":["GET"]}}],"collection":[{"href":"https:\/\/archive.sana.sy\/tr\/index.php?rest_route=\/wp\/v2\/posts"}],"about":[{"href":"https:\/\/archive.sana.sy\/tr\/index.php?rest_route=\/wp\/v2\/types\/post"}],"author":[{"embeddable":true,"href":"https:\/\/archive.sana.sy\/tr\/index.php?rest_route=\/wp\/v2\/users\/1"}],"replies":[{"embeddable":true,"href":"https:\/\/archive.sana.sy\/tr\/index.php?rest_route=%2Fwp%2Fv2%2Fcomments&post=56048"}],"version-history":[{"count":0,"href":"https:\/\/archive.sana.sy\/tr\/index.php?rest_route=\/wp\/v2\/posts\/56048\/revisions"}],"wp:featuredmedia":[{"embeddable":true,"href":"https:\/\/archive.sana.sy\/tr\/index.php?rest_route=\/wp\/v2\/media\/56049"}],"wp:attachment":[{"href":"https:\/\/archive.sana.sy\/tr\/index.php?rest_route=%2Fwp%2Fv2%2Fmedia&parent=56048"}],"wp:term":[{"taxonomy":"category","embeddable":true,"href":"https:\/\/archive.sana.sy\/tr\/index.php?rest_route=%2Fwp%2Fv2%2Fcategories&post=56048"},{"taxonomy":"post_tag","embeddable":true,"href":"https:\/\/archive.sana.sy\/tr\/index.php?rest_route=%2Fwp%2Fv2%2Ftags&post=56048"}],"curies":[{"name":"wp","href":"https:\/\/api.w.org\/{rel}","templated":true}]}}