{"id":56055,"date":"2015-12-23T14:18:17","date_gmt":"2015-12-23T12:18:17","guid":{"rendered":"http:\/\/www.sana.sy\/tr\/?p=56055"},"modified":"2015-12-23T14:18:17","modified_gmt":"2015-12-23T12:18:17","slug":"bu-yondeki-iddialari-dogrulayan-bilgiler-yok","status":"publish","type":"post","link":"https:\/\/archive.sana.sy\/tr\/?p=56055","title":{"rendered":"Bu Y\u00f6ndeki \u0130ddialar\u0131 Do\u011frulayan Bilgiler Yok"},"content":{"rendered":"<p>MOSKOVA \u2013 Rusya Ba\u015fkanl\u0131k Saray\u0131 Kremlin\u2019in resmi s\u00f6zc\u00fcs\u00fc Dimtry Peskov; Rus hava g\u00fc\u00e7lerinin Suriye&#8217;de ter\u00f6r mevkilerine y\u00f6nelik operasyonlar\u0131nda \u2018sivillerin kurban gitti\u011fi ihtimali\u2019 konusundaki iddialar\u0131n do\u011frulu\u011fu konusunda Rusya&#8217;n\u0131n elinde bilgi olmad\u0131\u011f\u0131n\u0131 s\u00f6yledi.<\/p>\n<p>Uluslararas\u0131 Af \u00d6rg\u00fct\u00fcn\u00fcn haz\u0131rlad\u0131\u011f\u0131 raporda bu y\u00f6ndeki su\u00e7lamalara ili\u015fkin bas\u0131n sorular\u0131n\u0131 cevaplayan Peskov; Rus hava g\u00fc\u00e7lerinin Suriye&#8217;de ter\u00f6r mevkilerini hedef ald\u0131\u011f\u0131 s\u0131rada sivillerin kurban gitti\u011fi konusunda hi\u00e7bir kesin bilginin bulunmad\u0131\u011f\u0131n\u0131 s\u00f6yledi. Peskov bu konuda yap\u0131lan iddialar\u0131n do\u011fru olmad\u0131\u011f\u0131na i\u015faret etti.<\/p>\n<p>Peskov iki g\u00fcn \u00f6nce yapt\u0131\u011f\u0131 a\u00e7\u0131klamada Rusya&#8217;n\u0131n Suriye&#8217;de ter\u00f6re kar\u015f\u0131 operasyonlar\u0131nda tamamen uluslar aras\u0131 kararlar, ilkeler ve kanunlara uyumlu bir \u015fekilde hareket etti\u011fini vurgulam\u0131\u015ft\u0131.<\/p>\n","protected":false},"excerpt":{"rendered":"<p>MOSKOVA \u2013 Rusya Ba\u015fkanl\u0131k Saray\u0131 Kremlin\u2019in resmi s\u00f6zc\u00fcs\u00fc Dimtry Peskov; Rus hava g\u00fc\u00e7lerinin Suriye&#8217;de ter\u00f6r mevkilerine y\u00f6nelik operasyonlar\u0131nda \u2018sivillerin kurban gitti\u011fi ihtimali\u2019 konusundaki iddialar\u0131n do\u011frulu\u011fu konusunda Rusya&#8217;n\u0131n elinde bilgi olmad\u0131\u011f\u0131n\u0131 s\u00f6yledi. Uluslararas\u0131 Af \u00d6rg\u00fct\u00fcn\u00fcn haz\u0131rlad\u0131\u011f\u0131 raporda bu y\u00f6ndeki su\u00e7lamalara ili\u015fkin bas\u0131n sorular\u0131n\u0131 cevaplayan Peskov; Rus hava g\u00fc\u00e7lerinin Suriye&#8217;de ter\u00f6r mevkilerini hedef ald\u0131\u011f\u0131 s\u0131rada sivillerin kurban &hellip;<\/p>\n","protected":false},"author":1,"featured_media":49086,"comment_status":"closed","ping_status":"closed","sticky":false,"template":"","format":"standard","meta":{"footnotes":""},"categories":[458,459,17988],"tags":[18087],"class_list":["post-56055","post","type-post","status-publish","format-standard","has-post-thumbnail","","category-dunya1","category-haberler-arap-uluslararasi-politika","category-son-haberler","tag-rusya-baskanlik-sarayi-kremlinin-resmi-sozcusu-dimtry-peskov"],"_links":{"self":[{"href":"https:\/\/archive.sana.sy\/tr\/index.php?rest_route=\/wp\/v2\/posts\/56055","targetHints":{"allow":["GET"]}}],"collection":[{"href":"https:\/\/archive.sana.sy\/tr\/index.php?rest_route=\/wp\/v2\/posts"}],"about":[{"href":"https:\/\/archive.sana.sy\/tr\/index.php?rest_route=\/wp\/v2\/types\/post"}],"author":[{"embeddable":true,"href":"https:\/\/archive.sana.sy\/tr\/index.php?rest_route=\/wp\/v2\/users\/1"}],"replies":[{"embeddable":true,"href":"https:\/\/archive.sana.sy\/tr\/index.php?rest_route=%2Fwp%2Fv2%2Fcomments&post=56055"}],"version-history":[{"count":0,"href":"https:\/\/archive.sana.sy\/tr\/index.php?rest_route=\/wp\/v2\/posts\/56055\/revisions"}],"wp:featuredmedia":[{"embeddable":true,"href":"https:\/\/archive.sana.sy\/tr\/index.php?rest_route=\/wp\/v2\/media\/49086"}],"wp:attachment":[{"href":"https:\/\/archive.sana.sy\/tr\/index.php?rest_route=%2Fwp%2Fv2%2Fmedia&parent=56055"}],"wp:term":[{"taxonomy":"category","embeddable":true,"href":"https:\/\/archive.sana.sy\/tr\/index.php?rest_route=%2Fwp%2Fv2%2Fcategories&post=56055"},{"taxonomy":"post_tag","embeddable":true,"href":"https:\/\/archive.sana.sy\/tr\/index.php?rest_route=%2Fwp%2Fv2%2Ftags&post=56055"}],"curies":[{"name":"wp","href":"https:\/\/api.w.org\/{rel}","templated":true}]}}