{"id":56057,"date":"2015-12-23T19:17:38","date_gmt":"2015-12-23T17:17:38","guid":{"rendered":"http:\/\/www.sana.sy\/tr\/?p=56057"},"modified":"2015-12-24T17:46:24","modified_gmt":"2015-12-24T15:46:24","slug":"vatan-topraklarinda-teror-ve-destekcilerinin-tek-sonu-hezimettir-10","status":"publish","type":"post","link":"https:\/\/archive.sana.sy\/tr\/?p=56057","title":{"rendered":"Vatan Topraklar\u0131nda Ter\u00f6r ve Destek\u00e7ilerinin Tek Sonu Hezimettir"},"content":{"rendered":"<p>\u0130LLER \u2013 D\u0131\u015f g\u00fc\u00e7lerin patronajl\u0131\u011f\u0131nda deh\u015fet ve vah\u015fet estirmeye devam eden tekfirci ve hain ter\u00f6r \u00e7etelere kar\u015f\u0131 ba\u015far\u0131l\u0131 operasyonlar\u0131n\u0131 y\u00fcr\u00fcten vatan koruyucular\u0131 ordu birliklerimiz bug\u00fcn de yeni ba\u015far\u0131lara imza atarak bu \u00e7eteleri ciddi kay\u0131plara u\u011fratt\u0131.<\/p>\n<p><span style=\"color: #0000ff\">HAMA:<\/span><\/p>\n<p>SANA\u2019ya a\u00e7\u0131klama yapan saha kaynaklar\u0131; ordu birliklerimizin Hama k\u0131rsal\u0131n\u0131n kuzeybat\u0131s\u0131 Mansura K\u00f6y\u00fcnde ihvanc\u0131 Erdo\u011fan ve Vahhabi \u00c2l Suud rejimlerine ba\u011fl\u0131 \u2018Fetih Ordusu\u2019na tabi bir yuvay\u0131 imha etmeleri sonucunda bir\u00e7ok ter\u00f6risti \u00f6ld\u00fcrd\u00fcklerini ifade etti.<\/p>\n<p>Kaynaklar; ordu birliklerimizin Hama k\u0131rsal\u0131n\u0131n kuzeyinde Latamina \u2013 Kefar Zeyta ekseni \u00fczerene d\u00fc\u015fen Do\u011fu Lahaya K\u00f6y\u00fcnde 4 ter\u00f6risti \u00f6ld\u00fcr\u00fcp silah ve m\u00fchimmat ta\u015f\u0131yan bir kamyonu tamamen imha ettiklerini belirtti.<\/p>\n<p>D\u00fcn d\u00fczenlenen operasyonlarda ise ordu birliklerimiz; Hama k\u0131rsal\u0131n\u0131n kuzeyinde \u2018Ecnad el \u015eam \u0130slami Birli\u011fi\u2019 komutanlar\u0131ndan Abd\u00fclaziz el Hamit\u2019i grubundaki bir\u00e7ok ter\u00f6ristle birlikte \u00f6ld\u00fcrm\u00fc\u015f, 3 TOW f\u00fcze rampas\u0131n\u0131 da imha etmi\u015flerdi.<\/p>\n<p><span style=\"color: #0000ff\">\u0130DL\u0130B:<\/span><\/p>\n<p>\u0130dlib k\u0131rsal\u0131nda ise ordu birliklerimizin T\u00fcrkiye s\u0131n\u0131rlar\u0131ndan yakla\u015f\u0131k 2 km uzakl\u0131kta d\u00fc\u015fen Bdama K\u00f6y\u00fcnde Nusra Cephesinin bir toplanma merkezine kar\u015f\u0131 nitelikli operasyon ger\u00e7ekle\u015ftirdiklerini aktaran kaynaklar; en az 4 ter\u00f6risti \u00f6ld\u00fcr\u00fcrken onlara ait bir karargah\u0131 muhtevalar\u0131yla birlikte yok ettiklerini s\u00f6yledi.<\/p>\n<p>Kaynaklar; ordu birliklerimizin \u0130dlib Kentinin G\u00fcney kenarlar\u0131nda yine \u2018Fetih Ordusu\u2019na y\u00f6nelik ba\u015far\u0131l\u0131 operasyonda aralar\u0131nda tehlikeli isimlerin bulundu\u011fu bir\u00e7ok ter\u00f6risti \u00f6ld\u00fcrd\u00fcklerine dikkat \u00e7ekti.<\/p>\n<p><span style=\"color: #0000ff\">DEYREZZOR:<\/span><\/p>\n<p>\u00d6te yandan saha kaynaklar\u0131 SANA\u2019ya a\u00e7\u0131klamalar\u0131nda; ordu birliklerimizin Deyrezzor Kentinin Sanayi Semtinde askeri noktalara 3 bombal\u0131 ara\u00e7la sald\u0131rmaya \u00e7al\u0131\u015fan I\u015e\u0130D ter\u00f6ristleriyle \u015fiddetli \u00e7at\u0131\u015fmalara girdiklerini beyan etti. Kaynaklar; ordu birliklerimizin askeri noktalara ula\u015fmadan \u00f6nce bombal\u0131 ara\u00e7lar\u0131 havaya u\u00e7urduklar\u0131n\u0131, ard\u0131ndan ba\u015flayan \u00e7at\u0131\u015fmalarda da radikal ter\u00f6ristleri say\u0131 ve te\u00e7hizatlar\u0131yla a\u011f\u0131r kay\u0131plara u\u011fratt\u0131klar\u0131n\u0131 aktard\u0131.<\/p>\n<p><span style=\"color: #0000ff\">HALEP:<\/span><\/p>\n<p>Bu arada hava g\u00fc\u00e7lerimiz Halep k\u0131rsal\u0131n\u0131n kuzeydo\u011fusu Tel el Hattabat K\u00f6y\u00fc ve el Bab kentinde I\u015e\u0130D ter\u00f6r \u00f6rg\u00fct\u00fcne ait yuva ve destek hatlar\u0131n\u0131 yo\u011fun ate\u015fe tutmalar\u0131yla a\u011f\u0131r makineli silahlarla donat\u0131lm\u0131\u015f ara\u00e7lar\u0131na ek olarak silah ve m\u00fchimmatlar\u0131n\u0131 imha etti.<\/p>\n<p>Halep Kentinin yakla\u015f\u0131k 125 km kuzeydo\u011fusuna d\u00fc\u015fen Ayn el Bayda K\u00f6y\u00fcnde de hava g\u00fc\u00e7lerimiz I\u015e\u0130D\u2019in siper ve karargahlar\u0131n\u0131 hedef alarak \u00e7ok say\u0131da ter\u00f6risti \u00f6l\u00fc ve yaral\u0131 d\u00fc\u015f\u00fcr\u00fcp havzalar\u0131nda bulunan silah ve m\u00fchimmatlar\u0131n\u0131 tahrip etti.<\/p>\n<p>Di\u011fer yandan ter\u00f6r \u00e7eteleri medya ara\u00e7lar\u0131nda Halep k\u0131rsal\u0131n\u0131n muhtelif b\u00f6lgelerinde aralar\u0131nda tehlikeli isimler ve yabanc\u0131 uyruklar\u0131n bulundu\u011fu bir\u00e7ok ter\u00f6ristin \u00f6ld\u00fcr\u00fcld\u00fc\u011f\u00fcn\u00fc itiraf etti.<\/p>\n<p><span style=\"color: #0000ff\">HOMS:<\/span><\/p>\n<p>Homs k\u0131rsal\u0131nda da hava g\u00fc\u00e7lerimizin I\u015e\u0130D ve Nusra Cephesine y\u00f6nelik operasyonlar\u0131n\u0131 s\u00fcrd\u00fcrd\u00fcklerini belirten askeri kaynak; Um Keddum Tepesi, Hades, Dahret el Dukkan, Hav\u015f Ebu Farac, Hazm Um Ayya\u015f, Som el Fahih ve el Hazm b\u00f6lgelerinde radikal ter\u00f6ristlerin toplanma yerleri ve hareketlenmelerini hedef ald\u0131klar\u0131n\u0131 aktard\u0131. Kaynak; hava operasyonlar\u0131nda I\u015e\u0130D\u2019ten bir\u00e7ok ter\u00f6ristin \u00f6ld\u00fcr\u00fcl\u00fcp silah ve m\u00fchimmatlar\u0131n\u0131n yok edildi\u011fini s\u00f6zlerine ekledi.<\/p>\n<p>Kaynak; Homs Kentinin yakla\u015f\u0131k 80 km do\u011fusuna d\u00fc\u015fen Cub el Cerrah Nahiyesine tabi Unk el Hava K\u00f6y\u00fc \u00e7evresinde I\u015e\u0130D\u2019in siper ve mevkilerini hedef alan hava g\u00fc\u00e7lerimizin radikal ter\u00f6r saflar\u0131nda a\u011f\u0131r kay\u0131plara yol a\u00e7t\u0131klar\u0131n\u0131 s\u00f6yledi.<\/p>\n<p>Homs Kentinin 7 km kuzeyine d\u00fc\u015fen Teyrmale K\u00f6y\u00fcnde de hava g\u00fc\u00e7lerimizin Nusra Cephesi ve \u00e7at\u0131s\u0131 alt\u0131ndaki ter\u00f6r \u00f6rg\u00fctlere y\u00f6nelik hava operasyonlar\u0131 ger\u00e7ekle\u015ftirdiklerini ifade eden kaynak; buralarda da \u00e7ok say\u0131da ter\u00f6risti su\u00e7 edatlar\u0131yla birlikte imha ettiklerini aktard\u0131.<\/p>\n<p>M.M.<\/p>\n","protected":false},"excerpt":{"rendered":"<p>\u0130LLER \u2013 D\u0131\u015f g\u00fc\u00e7lerin patronajl\u0131\u011f\u0131nda deh\u015fet ve vah\u015fet estirmeye devam eden tekfirci ve hain ter\u00f6r \u00e7etelere kar\u015f\u0131 ba\u015far\u0131l\u0131 operasyonlar\u0131n\u0131 y\u00fcr\u00fcten vatan koruyucular\u0131 ordu birliklerimiz bug\u00fcn de yeni ba\u015far\u0131lara imza atarak bu \u00e7eteleri ciddi kay\u0131plara u\u011fratt\u0131. HAMA: SANA\u2019ya a\u00e7\u0131klama yapan saha kaynaklar\u0131; ordu birliklerimizin Hama k\u0131rsal\u0131n\u0131n kuzeybat\u0131s\u0131 Mansura K\u00f6y\u00fcnde ihvanc\u0131 Erdo\u011fan ve Vahhabi \u00c2l Suud rejimlerine &hellip;<\/p>\n","protected":false},"author":1,"featured_media":56058,"comment_status":"closed","ping_status":"closed","sticky":false,"template":"","format":"standard","meta":{"footnotes":""},"categories":[575],"tags":[769],"class_list":["post-56057","post","type-post","status-publish","format-standard","has-post-thumbnail","","category-olaylar-ve-gercekler","tag-vatan-topraklarinda-teror-ve-destekcilerinin-tek-sonu-hezimettir"],"_links":{"self":[{"href":"https:\/\/archive.sana.sy\/tr\/index.php?rest_route=\/wp\/v2\/posts\/56057","targetHints":{"allow":["GET"]}}],"collection":[{"href":"https:\/\/archive.sana.sy\/tr\/index.php?rest_route=\/wp\/v2\/posts"}],"about":[{"href":"https:\/\/archive.sana.sy\/tr\/index.php?rest_route=\/wp\/v2\/types\/post"}],"author":[{"embeddable":true,"href":"https:\/\/archive.sana.sy\/tr\/index.php?rest_route=\/wp\/v2\/users\/1"}],"replies":[{"embeddable":true,"href":"https:\/\/archive.sana.sy\/tr\/index.php?rest_route=%2Fwp%2Fv2%2Fcomments&post=56057"}],"version-history":[{"count":0,"href":"https:\/\/archive.sana.sy\/tr\/index.php?rest_route=\/wp\/v2\/posts\/56057\/revisions"}],"wp:featuredmedia":[{"embeddable":true,"href":"https:\/\/archive.sana.sy\/tr\/index.php?rest_route=\/wp\/v2\/media\/56058"}],"wp:attachment":[{"href":"https:\/\/archive.sana.sy\/tr\/index.php?rest_route=%2Fwp%2Fv2%2Fmedia&parent=56057"}],"wp:term":[{"taxonomy":"category","embeddable":true,"href":"https:\/\/archive.sana.sy\/tr\/index.php?rest_route=%2Fwp%2Fv2%2Fcategories&post=56057"},{"taxonomy":"post_tag","embeddable":true,"href":"https:\/\/archive.sana.sy\/tr\/index.php?rest_route=%2Fwp%2Fv2%2Ftags&post=56057"}],"curies":[{"name":"wp","href":"https:\/\/api.w.org\/{rel}","templated":true}]}}