{"id":56068,"date":"2015-12-23T19:12:46","date_gmt":"2015-12-23T17:12:46","guid":{"rendered":"http:\/\/www.sana.sy\/tr\/?p=56068"},"modified":"2015-12-23T19:12:46","modified_gmt":"2015-12-23T17:12:46","slug":"alti-gunde-1093-hedef-imha-edildi","status":"publish","type":"post","link":"https:\/\/archive.sana.sy\/tr\/?p=56068","title":{"rendered":"Alt\u0131 G\u00fcnde 1093 Hedef \u0130mha Edildi"},"content":{"rendered":"<p>MOSKOVA \u2013 Rusya Savunma bakanl\u0131\u011f\u0131 Rus hava g\u00fc\u00e7lerinin son alt\u0131 g\u00fcn i\u00e7inde Suriye&#8217;de 302 hava operasyonu ger\u00e7ekle\u015ftirdiklerini ve bu operasyonlarda 1093 hedefi imha ettiklerini belirtti.<\/p>\n<p>Rusya Savunma Bakanl\u0131\u011f\u0131n\u0131n Bas\u0131n S\u00f6zc\u00fcs\u00fc T\u00fcmgeneral Igor Konashenkov bug\u00fcn yapt\u0131\u011f\u0131 bas\u0131n a\u00e7\u0131klamalar\u0131nda hava operasyonlar\u0131nda \u2018Ahrar el \u015eam \u0130slami Hareketi\u2019nin Halep k\u0131rsal\u0131nda bir komuta karargah\u0131n\u0131n yan\u0131 s\u0131ra Deyrezzor\u2019da I\u015e\u0130D \u00d6rg\u00fct\u00fcne ait iki petrol deposunun tamamen imha edildiklerini ifade etti.<\/p>\n<p>Rus hava g\u00fc\u00e7lerinin Ba\u011fdat\u2019taki d\u00f6rtl\u00fc i\u015fbirli\u011fi merkezinden ve daha ba\u015fka kaynaklardan ald\u0131\u011f\u0131 bilgiler \u00fczerine \u0130dlib k\u0131rsal\u0131nda bir ter\u00f6r e\u011fitim kamp\u0131n\u0131 imha ettiklerini belirten Konashenkov; s\u00f6z konusu operasyonlarda ter\u00f6ristlerin ciddi kay\u0131plara u\u011frat\u0131ld\u0131klar\u0131n\u0131 ifade etti.<\/p>\n","protected":false},"excerpt":{"rendered":"<p>MOSKOVA \u2013 Rusya Savunma bakanl\u0131\u011f\u0131 Rus hava g\u00fc\u00e7lerinin son alt\u0131 g\u00fcn i\u00e7inde Suriye&#8217;de 302 hava operasyonu ger\u00e7ekle\u015ftirdiklerini ve bu operasyonlarda 1093 hedefi imha ettiklerini belirtti. Rusya Savunma Bakanl\u0131\u011f\u0131n\u0131n Bas\u0131n S\u00f6zc\u00fcs\u00fc T\u00fcmgeneral Igor Konashenkov bug\u00fcn yapt\u0131\u011f\u0131 bas\u0131n a\u00e7\u0131klamalar\u0131nda hava operasyonlar\u0131nda \u2018Ahrar el \u015eam \u0130slami Hareketi\u2019nin Halep k\u0131rsal\u0131nda bir komuta karargah\u0131n\u0131n yan\u0131 s\u0131ra Deyrezzor\u2019da I\u015e\u0130D \u00d6rg\u00fct\u00fcne ait &hellip;<\/p>\n","protected":false},"author":1,"featured_media":56069,"comment_status":"closed","ping_status":"closed","sticky":false,"template":"","format":"standard","meta":{"footnotes":""},"categories":[458,459,17988],"tags":[18206],"class_list":["post-56068","post","type-post","status-publish","format-standard","has-post-thumbnail","","category-dunya1","category-haberler-arap-uluslararasi-politika","category-son-haberler","tag-alti-gunde-1093-hedef-imha-edildi"],"_links":{"self":[{"href":"https:\/\/archive.sana.sy\/tr\/index.php?rest_route=\/wp\/v2\/posts\/56068","targetHints":{"allow":["GET"]}}],"collection":[{"href":"https:\/\/archive.sana.sy\/tr\/index.php?rest_route=\/wp\/v2\/posts"}],"about":[{"href":"https:\/\/archive.sana.sy\/tr\/index.php?rest_route=\/wp\/v2\/types\/post"}],"author":[{"embeddable":true,"href":"https:\/\/archive.sana.sy\/tr\/index.php?rest_route=\/wp\/v2\/users\/1"}],"replies":[{"embeddable":true,"href":"https:\/\/archive.sana.sy\/tr\/index.php?rest_route=%2Fwp%2Fv2%2Fcomments&post=56068"}],"version-history":[{"count":0,"href":"https:\/\/archive.sana.sy\/tr\/index.php?rest_route=\/wp\/v2\/posts\/56068\/revisions"}],"wp:featuredmedia":[{"embeddable":true,"href":"https:\/\/archive.sana.sy\/tr\/index.php?rest_route=\/wp\/v2\/media\/56069"}],"wp:attachment":[{"href":"https:\/\/archive.sana.sy\/tr\/index.php?rest_route=%2Fwp%2Fv2%2Fmedia&parent=56068"}],"wp:term":[{"taxonomy":"category","embeddable":true,"href":"https:\/\/archive.sana.sy\/tr\/index.php?rest_route=%2Fwp%2Fv2%2Fcategories&post=56068"},{"taxonomy":"post_tag","embeddable":true,"href":"https:\/\/archive.sana.sy\/tr\/index.php?rest_route=%2Fwp%2Fv2%2Ftags&post=56068"}],"curies":[{"name":"wp","href":"https:\/\/api.w.org\/{rel}","templated":true}]}}