{"id":56074,"date":"2015-12-24T10:17:16","date_gmt":"2015-12-24T08:17:16","guid":{"rendered":"http:\/\/www.sana.sy\/tr\/?p=56074"},"modified":"2015-12-25T14:32:23","modified_gmt":"2015-12-25T12:32:23","slug":"rusya-turkiyede-bulunan-kurt-halkinin-rusyadan-her-zaman-destek-alma-imkani-vardir","status":"publish","type":"post","link":"https:\/\/archive.sana.sy\/tr\/?p=56074","title":{"rendered":"Rusya: T\u00fcrkiye\u2019de Bulunan K\u00fcrt Halk\u0131n\u0131n Rusya\u2019dan Her Zaman Destek Alma \u0130mk\u00e2n\u0131 Vard\u0131r"},"content":{"rendered":"<p>MOSKOVA \u2013 Rusya D\u0131\u015fi\u015fleri Bakanl\u0131\u011f\u0131nda yetkili bir kaynak T\u00fcrkiye\u2019de bulunan K\u00fcrt halk\u0131 temsilcilerinin Rusya iktidar\u0131ndan her zaman direk destek alma imk\u00e2nlar\u0131 bulundu\u011funu ilan etti.<\/p>\n<p>\u0130nterfax haber ajans\u0131 d\u00fcn yay\u0131nlad\u0131\u011f\u0131 haberde; D\u0131\u015fi\u015flerinde yetkili bir kayna\u011f\u0131n gazetecilere yapt\u0131\u011f\u0131 a\u00e7\u0131klamada, T\u00fcrkiye\u2019de Halklar\u0131n Demokratik Partisi\u2019nin T\u00fcrkiye\u2019nin yasalar\u0131n\u0131n m\u00fcsaade etmemesi nedeniyle Rusya\u2019da temsilcilik ofisi a\u00e7amad\u0131\u011f\u0131n\u0131 ancak s\u00f6z konusu partinin Moskova\u2019da h\u00fck\u00fcmet kurumu vasf\u0131 ta\u015f\u0131mayan kurum ya da \u015fah\u0131slarla temsil olabilece\u011fini ifade etti\u011fini aktard\u0131.<\/p>\n<p>Rusya kanunlar\u0131n\u0131n ba\u015fka \u00fclkelerdeki b\u00f6lgelere resmi temsilcilik olana\u011f\u0131 tan\u0131d\u0131\u011f\u0131n\u0131 ancak toplumsal \u00f6rg\u00fct ya da \u015fahsiyetlerin temsilci vasf\u0131 ta\u015f\u0131mas\u0131n\u0131 da engellemedi\u011fine dikkat \u00e7eken kaynak; b\u00f6yle bir temsilcili\u011fin h\u00fck\u00fcmet vasf\u0131 ta\u015f\u0131mayan \u00f6rg\u00fct temsilcili\u011fi niteli\u011finde olup b\u00f6lgesel bir nitelik ta\u015f\u0131mad\u0131\u011f\u0131n\u0131n alt\u0131n\u0131 \u00e7izdi.<\/p>\n<p>Hat\u0131rlanaca\u011f\u0131 \u00fczere Halklar\u0131n Demokratik Partisi Ba\u015fkan\u0131 Selahattin Demirta\u015f d\u00fcn Moskova\u2019ya bir ziyaret d\u00fczenleyerek Rusya D\u0131\u015fi\u015fleri Bakan\u0131 SergeyLavrov ile g\u00f6r\u00fc\u015fmelerde bulunmu\u015ftu.<\/p>\n<p>Yerel bas\u0131n kaynaklar\u0131nda yer alan haberlerde ziyaretin Suriye\u2019de ya\u015fanan durumlar\u0131n tart\u0131\u015f\u0131lmas\u0131 ve Halklar\u0131n Demokratik Partisinin Moskova\u2019da temsilcilik a\u00e7ma olanaklar\u0131n\u0131n incelenmesi amac\u0131n\u0131 ta\u015f\u0131d\u0131\u011f\u0131na dikkat \u00e7ekildi.<\/p>\n<p>F.B. &#8211; R.H.<\/p>\n","protected":false},"excerpt":{"rendered":"<p>MOSKOVA \u2013 Rusya D\u0131\u015fi\u015fleri Bakanl\u0131\u011f\u0131nda yetkili bir kaynak T\u00fcrkiye\u2019de bulunan K\u00fcrt halk\u0131 temsilcilerinin Rusya iktidar\u0131ndan her zaman direk destek alma imk\u00e2nlar\u0131 bulundu\u011funu ilan etti. \u0130nterfax haber ajans\u0131 d\u00fcn yay\u0131nlad\u0131\u011f\u0131 haberde; D\u0131\u015fi\u015flerinde yetkili bir kayna\u011f\u0131n gazetecilere yapt\u0131\u011f\u0131 a\u00e7\u0131klamada, T\u00fcrkiye\u2019de Halklar\u0131n Demokratik Partisi\u2019nin T\u00fcrkiye\u2019nin yasalar\u0131n\u0131n m\u00fcsaade etmemesi nedeniyle Rusya\u2019da temsilcilik ofisi a\u00e7amad\u0131\u011f\u0131n\u0131 ancak s\u00f6z konusu partinin Moskova\u2019da &hellip;<\/p>\n","protected":false},"author":1,"featured_media":56075,"comment_status":"closed","ping_status":"closed","sticky":false,"template":"","format":"standard","meta":{"footnotes":""},"categories":[17988,2554,2555],"tags":[18208],"class_list":["post-56074","post","type-post","status-publish","format-standard","has-post-thumbnail","","category-son-haberler","category-suriye-ve-dunya","category-suriye-ve-turkiye","tag-rusya-turkiyede-bulunan-kurt-halkinin-rusyadan-her-zaman-destek-alma-imkani-vardir"],"_links":{"self":[{"href":"https:\/\/archive.sana.sy\/tr\/index.php?rest_route=\/wp\/v2\/posts\/56074","targetHints":{"allow":["GET"]}}],"collection":[{"href":"https:\/\/archive.sana.sy\/tr\/index.php?rest_route=\/wp\/v2\/posts"}],"about":[{"href":"https:\/\/archive.sana.sy\/tr\/index.php?rest_route=\/wp\/v2\/types\/post"}],"author":[{"embeddable":true,"href":"https:\/\/archive.sana.sy\/tr\/index.php?rest_route=\/wp\/v2\/users\/1"}],"replies":[{"embeddable":true,"href":"https:\/\/archive.sana.sy\/tr\/index.php?rest_route=%2Fwp%2Fv2%2Fcomments&post=56074"}],"version-history":[{"count":0,"href":"https:\/\/archive.sana.sy\/tr\/index.php?rest_route=\/wp\/v2\/posts\/56074\/revisions"}],"wp:featuredmedia":[{"embeddable":true,"href":"https:\/\/archive.sana.sy\/tr\/index.php?rest_route=\/wp\/v2\/media\/56075"}],"wp:attachment":[{"href":"https:\/\/archive.sana.sy\/tr\/index.php?rest_route=%2Fwp%2Fv2%2Fmedia&parent=56074"}],"wp:term":[{"taxonomy":"category","embeddable":true,"href":"https:\/\/archive.sana.sy\/tr\/index.php?rest_route=%2Fwp%2Fv2%2Fcategories&post=56074"},{"taxonomy":"post_tag","embeddable":true,"href":"https:\/\/archive.sana.sy\/tr\/index.php?rest_route=%2Fwp%2Fv2%2Ftags&post=56074"}],"curies":[{"name":"wp","href":"https:\/\/api.w.org\/{rel}","templated":true}]}}