{"id":56078,"date":"2015-12-23T16:35:05","date_gmt":"2015-12-23T14:35:05","guid":{"rendered":"http:\/\/www.sana.sy\/tr\/?p=56078"},"modified":"2015-12-24T16:35:30","modified_gmt":"2015-12-24T14:35:30","slug":"fransa-halk-heyetinden-dayanisma-ziyareti","status":"publish","type":"post","link":"https:\/\/archive.sana.sy\/tr\/?p=56078","title":{"rendered":"Fransa Halk Heyetinden Dayan\u0131\u015fma Ziyareti"},"content":{"rendered":"<p>S\u00dcVEYDA \u2013 Fransa\u2019da \u201cSuriye \u0130\u00e7in Hep Birlikte\u201d Cemiyetinden bir halk heyeti d\u00fcn S\u00fcveyda iline d\u00fczenledi\u011fi ziyaret s\u0131ras\u0131nda vah\u015fi tekfirci ter\u00f6r kar\u015f\u0131s\u0131nda Suriye halk\u0131 ile dayan\u0131\u015fma i\u00e7erisinde oldu\u011funu ifade etti.<\/p>\n<p><img loading=\"lazy\" decoding=\"async\" class=\"alignright wp-image-56080 size-medium\" src=\"http:\/\/www.sana.sy\/tr\/wp-content\/uploads\/2015\/12\/S\u00fcveyda-3-300x168.jpg\" alt=\"S\u00fcveyda 3\" width=\"300\" height=\"168\" srcset=\"https:\/\/archive.sana.sy\/tr\/wp-content\/uploads\/2015\/12\/S\u00fcveyda-3-300x168.jpg 300w, https:\/\/archive.sana.sy\/tr\/wp-content\/uploads\/2015\/12\/S\u00fcveyda-3-150x84.jpg 150w, https:\/\/archive.sana.sy\/tr\/wp-content\/uploads\/2015\/12\/S\u00fcveyda-3.jpg 660w\" sizes=\"auto, (max-width: 300px) 100vw, 300px\" \/>Frans\u0131z Halk Heyeti Ba\u015fkan\u0131 Benjamin Blachar; ziyaretin, b\u00fct\u00fcn Suriye halk\u0131na dayan\u0131\u015fma mesaj\u0131 ta\u015f\u0131may\u0131 ama\u00e7lad\u0131\u011f\u0131n\u0131 ifade ederek \u00f6vg\u00fcl\u00fc c\u00fcmlelerle Suriye halk\u0131n\u0131n ter\u00f6r kar\u015f\u0131s\u0131ndaki direni\u015finin takdir ve sayg\u0131 kayna\u011f\u0131 te\u015fkil etti\u011fini vurgulad\u0131.<\/p>\n<p>Fransa H\u00fck\u00fcmetinin Suriye halk\u0131 ile ilgili ge\u00e7mi\u015f y\u0131llarda izledi\u011fi politikalar\u0131ndan dolay\u0131 \u00fczg\u00fcn oldu\u011funu dile getiren Blanchar; Suriye&#8217;nin, Fransa\u2019y\u0131 bir kere vuran ter\u00f6re kar\u015f\u0131 y\u0131llard\u0131r m\u00fccadele etti\u011finin alt\u0131n\u0131 \u00e7izdi.<\/p>\n<p>Di\u011fer taraftan Frans\u0131z Halk Heyetini a\u011f\u0131rlayan M\u00fcsl\u00fcman Muvahhidin Taifesinin Ak\u0131l \u015eeyhi Hikmetel Hecri Fransa halk\u0131n\u0131n Suriye halk\u0131 ile dayan\u0131\u015fmas\u0131n\u0131 b\u00fcy\u00fck bir takdir ve sayg\u0131yla kar\u015f\u0131lad\u0131\u011f\u0131n\u0131 ifade ederek Suriye halk\u0131n\u0131n ter\u00f6r kar\u015f\u0131s\u0131nda tek bir safta durdu\u011funu ve muazzam bir direni\u015f sergiledi\u011fini belirtti.<\/p>\n<div id='gallery-1' class='gallery galleryid-56078 gallery-columns-2 gallery-size-medium'><figure class='gallery-item'>\n\t\t\t<div class='gallery-icon landscape'>\n\t\t\t\t<a href='https:\/\/archive.sana.sy\/tr\/wp-content\/uploads\/2015\/12\/S\u00fcveyda-1-1.jpg'><img loading=\"lazy\" decoding=\"async\" width=\"300\" height=\"168\" src=\"https:\/\/archive.sana.sy\/tr\/wp-content\/uploads\/2015\/12\/S\u00fcveyda-1-1-300x168.jpg\" class=\"attachment-medium size-medium\" alt=\"\" srcset=\"https:\/\/archive.sana.sy\/tr\/wp-content\/uploads\/2015\/12\/S\u00fcveyda-1-1-300x168.jpg 300w, https:\/\/archive.sana.sy\/tr\/wp-content\/uploads\/2015\/12\/S\u00fcveyda-1-1-150x84.jpg 150w, https:\/\/archive.sana.sy\/tr\/wp-content\/uploads\/2015\/12\/S\u00fcveyda-1-1.jpg 660w\" sizes=\"auto, (max-width: 300px) 100vw, 300px\" \/><\/a>\n\t\t\t<\/div><\/figure><figure class='gallery-item'>\n\t\t\t<div class='gallery-icon landscape'>\n\t\t\t\t<a href='https:\/\/archive.sana.sy\/tr\/wp-content\/uploads\/2015\/12\/S\u00fcveyda-2.jpg'><img loading=\"lazy\" decoding=\"async\" width=\"300\" height=\"168\" src=\"https:\/\/archive.sana.sy\/tr\/wp-content\/uploads\/2015\/12\/S\u00fcveyda-2-300x168.jpg\" class=\"attachment-medium size-medium\" alt=\"\" srcset=\"https:\/\/archive.sana.sy\/tr\/wp-content\/uploads\/2015\/12\/S\u00fcveyda-2-300x168.jpg 300w, https:\/\/archive.sana.sy\/tr\/wp-content\/uploads\/2015\/12\/S\u00fcveyda-2-150x84.jpg 150w, https:\/\/archive.sana.sy\/tr\/wp-content\/uploads\/2015\/12\/S\u00fcveyda-2.jpg 660w\" sizes=\"auto, (max-width: 300px) 100vw, 300px\" \/><\/a>\n\t\t\t<\/div><\/figure>\n\t\t<\/div>\n\n","protected":false},"excerpt":{"rendered":"<p>S\u00dcVEYDA \u2013 Fransa\u2019da \u201cSuriye \u0130\u00e7in Hep Birlikte\u201d Cemiyetinden bir halk heyeti d\u00fcn S\u00fcveyda iline d\u00fczenledi\u011fi ziyaret s\u0131ras\u0131nda vah\u015fi tekfirci ter\u00f6r kar\u015f\u0131s\u0131nda Suriye halk\u0131 ile dayan\u0131\u015fma i\u00e7erisinde oldu\u011funu ifade etti. Frans\u0131z Halk Heyeti Ba\u015fkan\u0131 Benjamin Blachar; ziyaretin, b\u00fct\u00fcn Suriye halk\u0131na dayan\u0131\u015fma mesaj\u0131 ta\u015f\u0131may\u0131 ama\u00e7lad\u0131\u011f\u0131n\u0131 ifade ederek \u00f6vg\u00fcl\u00fc c\u00fcmlelerle Suriye halk\u0131n\u0131n ter\u00f6r kar\u015f\u0131s\u0131ndaki direni\u015finin takdir ve sayg\u0131 &hellip;<\/p>\n","protected":false},"author":1,"featured_media":56079,"comment_status":"closed","ping_status":"closed","sticky":false,"template":"","format":"standard","meta":{"footnotes":""},"categories":[479,17988,478],"tags":[18209],"class_list":["post-56078","post","type-post","status-publish","format-standard","has-post-thumbnail","","category-haberler-yerel","category-son-haberler","category-yerel","tag-fransa-halk-heyetinden-dayanisma-ziyareti"],"_links":{"self":[{"href":"https:\/\/archive.sana.sy\/tr\/index.php?rest_route=\/wp\/v2\/posts\/56078","targetHints":{"allow":["GET"]}}],"collection":[{"href":"https:\/\/archive.sana.sy\/tr\/index.php?rest_route=\/wp\/v2\/posts"}],"about":[{"href":"https:\/\/archive.sana.sy\/tr\/index.php?rest_route=\/wp\/v2\/types\/post"}],"author":[{"embeddable":true,"href":"https:\/\/archive.sana.sy\/tr\/index.php?rest_route=\/wp\/v2\/users\/1"}],"replies":[{"embeddable":true,"href":"https:\/\/archive.sana.sy\/tr\/index.php?rest_route=%2Fwp%2Fv2%2Fcomments&post=56078"}],"version-history":[{"count":0,"href":"https:\/\/archive.sana.sy\/tr\/index.php?rest_route=\/wp\/v2\/posts\/56078\/revisions"}],"wp:featuredmedia":[{"embeddable":true,"href":"https:\/\/archive.sana.sy\/tr\/index.php?rest_route=\/wp\/v2\/media\/56079"}],"wp:attachment":[{"href":"https:\/\/archive.sana.sy\/tr\/index.php?rest_route=%2Fwp%2Fv2%2Fmedia&parent=56078"}],"wp:term":[{"taxonomy":"category","embeddable":true,"href":"https:\/\/archive.sana.sy\/tr\/index.php?rest_route=%2Fwp%2Fv2%2Fcategories&post=56078"},{"taxonomy":"post_tag","embeddable":true,"href":"https:\/\/archive.sana.sy\/tr\/index.php?rest_route=%2Fwp%2Fv2%2Ftags&post=56078"}],"curies":[{"name":"wp","href":"https:\/\/api.w.org\/{rel}","templated":true}]}}