{"id":56112,"date":"2015-12-25T12:24:51","date_gmt":"2015-12-25T10:24:51","guid":{"rendered":"http:\/\/www.sana.sy\/tr\/?p=56112"},"modified":"2015-12-25T12:24:51","modified_gmt":"2015-12-25T10:24:51","slug":"dareyyadaki-teroristlerin-ana-ikmal-hatlari-kesildi-video","status":"publish","type":"post","link":"https:\/\/archive.sana.sy\/tr\/?p=56112","title":{"rendered":"Dareyya\u2019daki Ter\u00f6ristlerin Ana \u0130kmal Hatlar\u0131 Kesildi (video)"},"content":{"rendered":"<p>\u015eAM KIRSALI \u2013 Ordu birliklerimiz \u015eam k\u0131rsal\u0131n\u0131n g\u00fcneybat\u0131s\u0131 Dareyya Kasabas\u0131n\u0131n Fusul el Arbia ekseninde yo\u011fun ve nitelikli operasyonlarda bulundu.<\/p>\n<p>Saha kaynaklar\u0131 operasyonlarda ter\u00f6ristlerin temel destek ve ikmal hatlar\u0131n\u0131n kesildi\u011fini, en g\u00fc\u00e7l\u00fc siperlerinin de imha edildi\u011fini belirtti. Operasyonlarda ter\u00f6ristlerin Dareyya ile Muaddamiye aras\u0131nda yer de\u011fi\u015ftirmede kulland\u0131klar\u0131 bir\u00e7ok t\u00fcnel ve hende\u011fin tahrip edildi\u011fini belirten kaynaklar; bir\u00e7ok ter\u00f6ristin de te\u00e7hizatlar\u0131yla birlikte etkisizle\u015ftirildi\u011fini s\u00f6zlerine ekledi.<\/p>\n<p>https:\/\/www.youtube.com\/watch?v=NQsEl2TsqPg<\/p>\n","protected":false},"excerpt":{"rendered":"<p>\u015eAM KIRSALI \u2013 Ordu birliklerimiz \u015eam k\u0131rsal\u0131n\u0131n g\u00fcneybat\u0131s\u0131 Dareyya Kasabas\u0131n\u0131n Fusul el Arbia ekseninde yo\u011fun ve nitelikli operasyonlarda bulundu. Saha kaynaklar\u0131 operasyonlarda ter\u00f6ristlerin temel destek ve ikmal hatlar\u0131n\u0131n kesildi\u011fini, en g\u00fc\u00e7l\u00fc siperlerinin de imha edildi\u011fini belirtti. Operasyonlarda ter\u00f6ristlerin Dareyya ile Muaddamiye aras\u0131nda yer de\u011fi\u015ftirmede kulland\u0131klar\u0131 bir\u00e7ok t\u00fcnel ve hende\u011fin tahrip edildi\u011fini belirten kaynaklar; bir\u00e7ok ter\u00f6ristin &hellip;<\/p>\n","protected":false},"author":1,"featured_media":56113,"comment_status":"closed","ping_status":"closed","sticky":false,"template":"","format":"standard","meta":{"footnotes":""},"categories":[575,17988],"tags":[18218],"class_list":["post-56112","post","type-post","status-publish","format-standard","has-post-thumbnail","","category-olaylar-ve-gercekler","category-son-haberler","tag-dareyyadaki-teroristlerin-ana-ikmal-hatlari-kesildi-video"],"_links":{"self":[{"href":"https:\/\/archive.sana.sy\/tr\/index.php?rest_route=\/wp\/v2\/posts\/56112","targetHints":{"allow":["GET"]}}],"collection":[{"href":"https:\/\/archive.sana.sy\/tr\/index.php?rest_route=\/wp\/v2\/posts"}],"about":[{"href":"https:\/\/archive.sana.sy\/tr\/index.php?rest_route=\/wp\/v2\/types\/post"}],"author":[{"embeddable":true,"href":"https:\/\/archive.sana.sy\/tr\/index.php?rest_route=\/wp\/v2\/users\/1"}],"replies":[{"embeddable":true,"href":"https:\/\/archive.sana.sy\/tr\/index.php?rest_route=%2Fwp%2Fv2%2Fcomments&post=56112"}],"version-history":[{"count":0,"href":"https:\/\/archive.sana.sy\/tr\/index.php?rest_route=\/wp\/v2\/posts\/56112\/revisions"}],"wp:featuredmedia":[{"embeddable":true,"href":"https:\/\/archive.sana.sy\/tr\/index.php?rest_route=\/wp\/v2\/media\/56113"}],"wp:attachment":[{"href":"https:\/\/archive.sana.sy\/tr\/index.php?rest_route=%2Fwp%2Fv2%2Fmedia&parent=56112"}],"wp:term":[{"taxonomy":"category","embeddable":true,"href":"https:\/\/archive.sana.sy\/tr\/index.php?rest_route=%2Fwp%2Fv2%2Fcategories&post=56112"},{"taxonomy":"post_tag","embeddable":true,"href":"https:\/\/archive.sana.sy\/tr\/index.php?rest_route=%2Fwp%2Fv2%2Ftags&post=56112"}],"curies":[{"name":"wp","href":"https:\/\/api.w.org\/{rel}","templated":true}]}}