{"id":56115,"date":"2015-12-25T12:33:59","date_gmt":"2015-12-25T10:33:59","guid":{"rendered":"http:\/\/www.sana.sy\/tr\/?p=56115"},"modified":"2015-12-26T16:19:46","modified_gmt":"2015-12-26T14:19:46","slug":"turkiye-ve-urdunden-teroristlerin-akisina-son-vermeye-odaklanilmalidir","status":"publish","type":"post","link":"https:\/\/archive.sana.sy\/tr\/?p=56115","title":{"rendered":"T\u00fcrkiye ve \u00dcrd\u00fcn\u2019den Ter\u00f6ristlerin Ak\u0131\u015f\u0131na Son Vermeye Odaklan\u0131lmal\u0131d\u0131r"},"content":{"rendered":"<p>PEK\u0130N \u2013 Ba\u015fbakan Yard\u0131mc\u0131s\u0131 D\u0131\u015fi\u015fleri ve Gurbet\u00e7iler Bakan\u0131 Velid el Muallim Pekin\u2019in daveti \u00fczerine \u00c7in\u2019e bulundu\u011fu i\u015f ziyareti \u00e7er\u00e7evesinde \u00c7in Devlet M\u00fcste\u015far\u0131 Yang Jiechi ile iki \u00fclke aras\u0131ndaki ili\u015fkileri muhtelif alanlarda geli\u015ftirme olanaklar\u0131n\u0131 incelerken, iki taraf g\u00f6r\u00fc\u015fmede ikili ileti\u015fim ve koordinasyonu s\u00fcrd\u00fcrme \u00f6neminin alt\u0131n\u0131 \u00e7izdi.<\/p>\n<p>Suriye&#8217;deki kriz ve \u00e7\u00f6z\u00fcm\u00fc y\u00f6n\u00fcnde harcanan \u00e7abalar\u0131n de\u011ferlendirildi\u011fi g\u00f6r\u00fc\u015fmede I\u015e\u0130D, Kaide \u00d6rg\u00fct\u00fcn\u00fcn Suriye kolu Nusra Cephesi ve daha ba\u015fka adland\u0131rmalar\u0131 alt\u0131ndaki ter\u00f6r \u00f6rg\u00fctlere kar\u015f\u0131 sava\u015f, ter\u00f6r ve yay\u0131lma tehlikesine kar\u015f\u0131 m\u00fccadele y\u00f6ntemleri de masaya yat\u0131r\u0131ld\u0131.<\/p>\n<p>Muallim bu ba\u011flamlarda Suriye&#8217;nin tutum ve vizyonlar\u0131na \u0131\u015f\u0131k tutarken, ulusal egemenli\u011fini, ba\u011f\u0131ms\u0131z karar\u0131n\u0131 ve toprak b\u00fct\u00fcnl\u00fc\u011f\u00fc i\u00e7in \u015fanl\u0131 bir m\u00fccadele veren Suriye halk\u0131n\u0131n kendi gelece\u011fini ve kaderini belirleme hakk\u0131na herhangi bir d\u0131\u015f m\u00fcdahaleyi mutlak bir \u015fekilde reddetti\u011finin alt\u0131n\u0131 \u00e7izdi. Ter\u00f6rle m\u00fccadele ve Suriye&#8217;deki krizin \u00e7\u00f6z\u00fcm\u00fcne ili\u015fkin uluslar aras\u0131 \u00e7abalar\u0131n temel olarak ter\u00f6r finans kaynaklar\u0131n\u0131n kurutulmas\u0131yla birlikte T\u00fcrkiye ve \u00dcrd\u00fcn\u2019den ter\u00f6rist ak\u0131n\u0131na son verme \u00fczerine odaklanmas\u0131 gere\u011finin alt\u0131n\u0131 \u00e7izen Muallim; G\u00fcvenlik Konseyinin \u00f6zellikle 2253 say\u0131l\u0131 karar\u0131 olmak \u00fczere ter\u00f6rle m\u00fccadeleye ili\u015fkin kararlara ba\u011fl\u0131 kal\u0131nmas\u0131 \u00f6nemini ifade etti. Muallim b\u00f6ylelikle siyasi \u00e7\u00f6z\u00fcmde ilerlemenin m\u00fcmk\u00fcn olaca\u011f\u0131na dikkat \u00e7ekti.<\/p>\n<p>Muallim\u2019im \u00c7in\u2019in daveti \u00fczerine Pekn\u2019e bulundu\u011fu ziyaretinden memnuniyetini ifade eden Yang; hak ve adaletten yana tutum alman\u0131n d\u00fcnya halklar\u0131 g\u00f6n\u00fcllerinde ta\u015f\u0131d\u0131\u011f\u0131 \u00f6neme dikkat \u00e7ekerken, \u00c7in\u2019in de bu do\u011frultuda Suriye&#8217;yi destekledi\u011fini vurgulad\u0131. Yang Suriye ve halk\u0131n\u0131n varl\u0131\u011f\u0131n\u0131 ve uygar konumunu savunma ama\u00e7l\u0131 onur verici bir m\u00fccadele verdi\u011fini ifade etti.<\/p>\n<p>\u00c7in\u2019in Suriye&#8217;de e\u015f zamanl\u0131 olarak siyasi \u00e7\u00f6z\u00fcm ve ter\u00f6rle m\u00fccadele \u00e7abalar\u0131n\u0131 destekledi\u011fini belirten Yang; \u00fclkesinin Suriye&#8217;ye insani yard\u0131mlar\u0131n\u0131 s\u00fcrd\u00fcrece\u011finin alt\u0131n\u0131 \u00e7izdi. Yang Suriye&#8217;deki krizin \u00e7\u00f6z\u00fcm\u00fcnde yegane hakemin Suriye halk\u0131 oldu\u011funu, \u00e7\u00fcnk\u00fc kendi gelece\u011fini ve kaderini belirleme hakk\u0131na sahip yegane taraf\u0131n bu halk oldu\u011funun da alt\u0131n\u0131 \u00e7izdi.<\/p>\n","protected":false},"excerpt":{"rendered":"<p>PEK\u0130N \u2013 Ba\u015fbakan Yard\u0131mc\u0131s\u0131 D\u0131\u015fi\u015fleri ve Gurbet\u00e7iler Bakan\u0131 Velid el Muallim Pekin\u2019in daveti \u00fczerine \u00c7in\u2019e bulundu\u011fu i\u015f ziyareti \u00e7er\u00e7evesinde \u00c7in Devlet M\u00fcste\u015far\u0131 Yang Jiechi ile iki \u00fclke aras\u0131ndaki ili\u015fkileri muhtelif alanlarda geli\u015ftirme olanaklar\u0131n\u0131 incelerken, iki taraf g\u00f6r\u00fc\u015fmede ikili ileti\u015fim ve koordinasyonu s\u00fcrd\u00fcrme \u00f6neminin alt\u0131n\u0131 \u00e7izdi. Suriye&#8217;deki kriz ve \u00e7\u00f6z\u00fcm\u00fc y\u00f6n\u00fcnde harcanan \u00e7abalar\u0131n de\u011ferlendirildi\u011fi g\u00f6r\u00fc\u015fmede I\u015e\u0130D, &hellip;<\/p>\n","protected":false},"author":1,"featured_media":56116,"comment_status":"closed","ping_status":"closed","sticky":false,"template":"","format":"standard","meta":{"footnotes":""},"categories":[17988,2554,2555],"tags":[18219],"class_list":["post-56115","post","type-post","status-publish","format-standard","has-post-thumbnail","","category-son-haberler","category-suriye-ve-dunya","category-suriye-ve-turkiye","tag-turkiye-ve-urdunden-teroristlerin-akisina-son-vermeye-odaklanilmalidir"],"_links":{"self":[{"href":"https:\/\/archive.sana.sy\/tr\/index.php?rest_route=\/wp\/v2\/posts\/56115","targetHints":{"allow":["GET"]}}],"collection":[{"href":"https:\/\/archive.sana.sy\/tr\/index.php?rest_route=\/wp\/v2\/posts"}],"about":[{"href":"https:\/\/archive.sana.sy\/tr\/index.php?rest_route=\/wp\/v2\/types\/post"}],"author":[{"embeddable":true,"href":"https:\/\/archive.sana.sy\/tr\/index.php?rest_route=\/wp\/v2\/users\/1"}],"replies":[{"embeddable":true,"href":"https:\/\/archive.sana.sy\/tr\/index.php?rest_route=%2Fwp%2Fv2%2Fcomments&post=56115"}],"version-history":[{"count":0,"href":"https:\/\/archive.sana.sy\/tr\/index.php?rest_route=\/wp\/v2\/posts\/56115\/revisions"}],"wp:featuredmedia":[{"embeddable":true,"href":"https:\/\/archive.sana.sy\/tr\/index.php?rest_route=\/wp\/v2\/media\/56116"}],"wp:attachment":[{"href":"https:\/\/archive.sana.sy\/tr\/index.php?rest_route=%2Fwp%2Fv2%2Fmedia&parent=56115"}],"wp:term":[{"taxonomy":"category","embeddable":true,"href":"https:\/\/archive.sana.sy\/tr\/index.php?rest_route=%2Fwp%2Fv2%2Fcategories&post=56115"},{"taxonomy":"post_tag","embeddable":true,"href":"https:\/\/archive.sana.sy\/tr\/index.php?rest_route=%2Fwp%2Fv2%2Ftags&post=56115"}],"curies":[{"name":"wp","href":"https:\/\/api.w.org\/{rel}","templated":true}]}}