{"id":56118,"date":"2015-12-25T12:12:13","date_gmt":"2015-12-25T10:12:13","guid":{"rendered":"http:\/\/www.sana.sy\/tr\/?p=56118"},"modified":"2015-12-25T14:02:06","modified_gmt":"2015-12-25T12:02:06","slug":"iki-dost-halk-arasindaki-iliskileri-pekistirecek-anlasma-imzalandi","status":"publish","type":"post","link":"https:\/\/archive.sana.sy\/tr\/?p=56118","title":{"rendered":"\u0130ki Dost Halk Aras\u0131ndaki \u0130li\u015fkileri Peki\u015ftirecek Anla\u015fma \u0130mzaland\u0131"},"content":{"rendered":"<p>HAVANA \u2013 Suriye ve K\u00fcba iki taraf aras\u0131nda sa\u011fl\u0131k ve farmakoloji alanlar\u0131nda i\u015fbirli\u011fini \u00f6ng\u00f6ren anla\u015fma zapt\u0131na imza att\u0131.<\/p>\n<p><img loading=\"lazy\" decoding=\"async\" class=\"alignright wp-image-56120 size-medium\" src=\"http:\/\/www.sana.sy\/tr\/wp-content\/uploads\/2015\/12\/Kuba-1-300x195.jpg\" alt=\"Kuba 1\" width=\"300\" height=\"195\" srcset=\"https:\/\/archive.sana.sy\/tr\/wp-content\/uploads\/2015\/12\/Kuba-1-300x195.jpg 300w, https:\/\/archive.sana.sy\/tr\/wp-content\/uploads\/2015\/12\/Kuba-1-150x97.jpg 150w, https:\/\/archive.sana.sy\/tr\/wp-content\/uploads\/2015\/12\/Kuba-1.jpg 660w\" sizes=\"auto, (max-width: 300px) 100vw, 300px\" \/>Anla\u015fma zapt\u0131 Suriye Sa\u011fl\u0131k Bakanl\u0131\u011f\u0131 ile K\u00fcba D\u0131\u015f Ticaret Bakanl\u0131\u011f\u0131 ve Biotechnology and Pharmaceutical Industry Group (BioCubaFarma) imzalad\u0131. K\u00fcba D\u0131\u015f Ticaret ve Yabanc\u0131 Yat\u0131r\u0131m Bakan\u0131 Rodrigo Malmierca Diaz Sa\u011fl\u0131k Bakan\u0131 Nizar Yaz\u0131c\u0131 ile anla\u015fmay\u0131 imzalamas\u0131 ard\u0131ndan yapt\u0131\u011f\u0131 a\u00e7\u0131klamada; anla\u015fman\u0131n iki \u00fclke ve dost halklar\u0131 aras\u0131ndaki ili\u015fkileri muhtelif alanlarda geli\u015ftirmeye ciddi katk\u0131lar sa\u011flayaca\u011f\u0131n\u0131 belirtti.<\/p>\n<p>Diaz K\u00fcba\u2019n\u0131n hakl\u0131 sava\u015f\u0131nda y\u00f6netim, ordu ve halk olarak Suriye&#8217;yi destekledi\u011fini ve onun yan\u0131nda oldu\u011funu ifade ederken, Cumhurba\u015fkan\u0131 Be\u015f\u015far el Esad liderli\u011findeki Suriye&#8217;nin zafer kazanmas\u0131n\u0131n ka\u00e7\u0131n\u0131lmaz oldu\u011funa inand\u0131\u011f\u0131n\u0131 s\u00f6yledi.<\/p>\n<p>&nbsp;<\/p>\n","protected":false},"excerpt":{"rendered":"<p>HAVANA \u2013 Suriye ve K\u00fcba iki taraf aras\u0131nda sa\u011fl\u0131k ve farmakoloji alanlar\u0131nda i\u015fbirli\u011fini \u00f6ng\u00f6ren anla\u015fma zapt\u0131na imza att\u0131. Anla\u015fma zapt\u0131 Suriye Sa\u011fl\u0131k Bakanl\u0131\u011f\u0131 ile K\u00fcba D\u0131\u015f Ticaret Bakanl\u0131\u011f\u0131 ve Biotechnology and Pharmaceutical Industry Group (BioCubaFarma) imzalad\u0131. K\u00fcba D\u0131\u015f Ticaret ve Yabanc\u0131 Yat\u0131r\u0131m Bakan\u0131 Rodrigo Malmierca Diaz Sa\u011fl\u0131k Bakan\u0131 Nizar Yaz\u0131c\u0131 ile anla\u015fmay\u0131 imzalamas\u0131 ard\u0131ndan yapt\u0131\u011f\u0131 &hellip;<\/p>\n","protected":false},"author":1,"featured_media":56119,"comment_status":"closed","ping_status":"closed","sticky":false,"template":"","format":"standard","meta":{"footnotes":""},"categories":[458,485,486,459,17988],"tags":[18220],"class_list":["post-56118","post","type-post","status-publish","format-standard","has-post-thumbnail","","category-dunya1","category-is-ve-sermaye","category-haberler-is-ve-sermaye","category-haberler-arap-uluslararasi-politika","category-son-haberler","tag-iki-dost-halk-arasindaki-iliskileri-pekistirecek-anlasma-imzalandi"],"_links":{"self":[{"href":"https:\/\/archive.sana.sy\/tr\/index.php?rest_route=\/wp\/v2\/posts\/56118","targetHints":{"allow":["GET"]}}],"collection":[{"href":"https:\/\/archive.sana.sy\/tr\/index.php?rest_route=\/wp\/v2\/posts"}],"about":[{"href":"https:\/\/archive.sana.sy\/tr\/index.php?rest_route=\/wp\/v2\/types\/post"}],"author":[{"embeddable":true,"href":"https:\/\/archive.sana.sy\/tr\/index.php?rest_route=\/wp\/v2\/users\/1"}],"replies":[{"embeddable":true,"href":"https:\/\/archive.sana.sy\/tr\/index.php?rest_route=%2Fwp%2Fv2%2Fcomments&post=56118"}],"version-history":[{"count":0,"href":"https:\/\/archive.sana.sy\/tr\/index.php?rest_route=\/wp\/v2\/posts\/56118\/revisions"}],"wp:featuredmedia":[{"embeddable":true,"href":"https:\/\/archive.sana.sy\/tr\/index.php?rest_route=\/wp\/v2\/media\/56119"}],"wp:attachment":[{"href":"https:\/\/archive.sana.sy\/tr\/index.php?rest_route=%2Fwp%2Fv2%2Fmedia&parent=56118"}],"wp:term":[{"taxonomy":"category","embeddable":true,"href":"https:\/\/archive.sana.sy\/tr\/index.php?rest_route=%2Fwp%2Fv2%2Fcategories&post=56118"},{"taxonomy":"post_tag","embeddable":true,"href":"https:\/\/archive.sana.sy\/tr\/index.php?rest_route=%2Fwp%2Fv2%2Ftags&post=56118"}],"curies":[{"name":"wp","href":"https:\/\/api.w.org\/{rel}","templated":true}]}}