{"id":56122,"date":"2015-12-25T12:00:06","date_gmt":"2015-12-25T10:00:06","guid":{"rendered":"http:\/\/www.sana.sy\/tr\/?p=56122"},"modified":"2015-12-25T12:35:13","modified_gmt":"2015-12-25T10:35:13","slug":"kerry-ve-de-mistura-ile-gorusmeyi-planlamiyorum","status":"publish","type":"post","link":"https:\/\/archive.sana.sy\/tr\/?p=56122","title":{"rendered":"Kerry ve de Mistura ile G\u00f6r\u00fc\u015fmeyi Planlam\u0131yorum"},"content":{"rendered":"<p>MOSKOVA \u2013 Rusya D\u0131\u015fi\u015fleri Bakan\u0131 Sergey Lavrov; ABD d\u0131\u015fi\u015fleri bakan\u0131 John Kerry ve BM\u2019nin Suriye temsilcisi Staffan de Mistura ile \u00f6n\u00fcm\u00fczdeki Ocak ay\u0131nda bir araya gelme planlar\u0131 yapmad\u0131\u011f\u0131n\u0131 ilan etti.<\/p>\n<p>Lavrov gazetecilerin konuya ili\u015fkin sorular\u0131n\u0131 cevaplarken; kendisinin Ocak ay\u0131nda ne Kerry ne de de Mistura ile g\u00f6r\u00fc\u015fme plan\u0131 olmad\u0131\u011f\u0131n\u0131, bu ba\u011flamda da herhangi bir plan\u0131n g\u00fcndemde olmad\u0131\u011f\u0131n\u0131 ifade etti.<\/p>\n<p>Kimi medya ara\u00e7lar\u0131 daha \u00f6nce Lavrov\u2019un Kerry ve de Mistura ile Ocak ay\u0131nda bir araya gelece\u011fini ifade etmi\u015f, as\u0131ls\u0131z iddialarda bulunmu\u015flard\u0131.<\/p>\n","protected":false},"excerpt":{"rendered":"<p>MOSKOVA \u2013 Rusya D\u0131\u015fi\u015fleri Bakan\u0131 Sergey Lavrov; ABD d\u0131\u015fi\u015fleri bakan\u0131 John Kerry ve BM\u2019nin Suriye temsilcisi Staffan de Mistura ile \u00f6n\u00fcm\u00fczdeki Ocak ay\u0131nda bir araya gelme planlar\u0131 yapmad\u0131\u011f\u0131n\u0131 ilan etti. Lavrov gazetecilerin konuya ili\u015fkin sorular\u0131n\u0131 cevaplarken; kendisinin Ocak ay\u0131nda ne Kerry ne de de Mistura ile g\u00f6r\u00fc\u015fme plan\u0131 olmad\u0131\u011f\u0131n\u0131, bu ba\u011flamda da herhangi bir plan\u0131n &hellip;<\/p>\n","protected":false},"author":1,"featured_media":56123,"comment_status":"closed","ping_status":"closed","sticky":false,"template":"","format":"standard","meta":{"footnotes":""},"categories":[458,459,17988],"tags":[18221],"class_list":["post-56122","post","type-post","status-publish","format-standard","has-post-thumbnail","","category-dunya1","category-haberler-arap-uluslararasi-politika","category-son-haberler","tag-kerry-ve-de-mistura-ile-gorusmeyi-planlamiyorum"],"_links":{"self":[{"href":"https:\/\/archive.sana.sy\/tr\/index.php?rest_route=\/wp\/v2\/posts\/56122","targetHints":{"allow":["GET"]}}],"collection":[{"href":"https:\/\/archive.sana.sy\/tr\/index.php?rest_route=\/wp\/v2\/posts"}],"about":[{"href":"https:\/\/archive.sana.sy\/tr\/index.php?rest_route=\/wp\/v2\/types\/post"}],"author":[{"embeddable":true,"href":"https:\/\/archive.sana.sy\/tr\/index.php?rest_route=\/wp\/v2\/users\/1"}],"replies":[{"embeddable":true,"href":"https:\/\/archive.sana.sy\/tr\/index.php?rest_route=%2Fwp%2Fv2%2Fcomments&post=56122"}],"version-history":[{"count":0,"href":"https:\/\/archive.sana.sy\/tr\/index.php?rest_route=\/wp\/v2\/posts\/56122\/revisions"}],"wp:featuredmedia":[{"embeddable":true,"href":"https:\/\/archive.sana.sy\/tr\/index.php?rest_route=\/wp\/v2\/media\/56123"}],"wp:attachment":[{"href":"https:\/\/archive.sana.sy\/tr\/index.php?rest_route=%2Fwp%2Fv2%2Fmedia&parent=56122"}],"wp:term":[{"taxonomy":"category","embeddable":true,"href":"https:\/\/archive.sana.sy\/tr\/index.php?rest_route=%2Fwp%2Fv2%2Fcategories&post=56122"},{"taxonomy":"post_tag","embeddable":true,"href":"https:\/\/archive.sana.sy\/tr\/index.php?rest_route=%2Fwp%2Fv2%2Ftags&post=56122"}],"curies":[{"name":"wp","href":"https:\/\/api.w.org\/{rel}","templated":true}]}}