{"id":56125,"date":"2015-12-25T08:00:49","date_gmt":"2015-12-25T06:00:49","guid":{"rendered":"http:\/\/www.sana.sy\/tr\/?p=56125"},"modified":"2015-12-25T12:48:52","modified_gmt":"2015-12-25T10:48:52","slug":"caprices-suriyede-yasanan-olaylara-kubada-yasaniyormus-gibi-bakiyoruz","status":"publish","type":"post","link":"https:\/\/archive.sana.sy\/tr\/?p=56125","title":{"rendered":"Caprices: Suriye\u2019de Ya\u015fanan Olaylara K\u00fcba\u2019da Ya\u015fan\u0131yormu\u015f Gibi Bak\u0131yoruz"},"content":{"rendered":"<p>HAVANA \u2013 K\u00fcba Cumhuriyeti Ba\u015fbakan\u0131 Yard\u0131mc\u0131s\u0131 RicardoCaprices \u00fclkesinin Suriye\u2019de ya\u015fanmakta olan olaylara bak\u0131\u015f\u0131n\u0131n ayn\u0131 olaylar\u0131n K\u00fcba\u2019da ya\u015fan\u0131yormu\u015f gibi oldu\u011funu ifade ederek Suriye\u2019nin ter\u00f6re kar\u015f\u0131 b\u00fcy\u00fck bir sava\u015f i\u00e7erisinde oldu\u011fu ve bu sava\u015fta K\u00fcba\u2019n\u0131n Suriye ile ayn\u0131 safta yer ald\u0131\u011f\u0131n\u0131n alt\u0131n\u0131 \u00e7izdi.<\/p>\n<p><img loading=\"lazy\" decoding=\"async\" class=\"alignright wp-image-56136 size-medium\" src=\"http:\/\/www.sana.sy\/tr\/wp-content\/uploads\/2015\/12\/k\u00fcba-1-1-225x300.jpg\" alt=\"k\u00fcba 1\" width=\"225\" height=\"300\" srcset=\"https:\/\/archive.sana.sy\/tr\/wp-content\/uploads\/2015\/12\/k\u00fcba-1-1-225x300.jpg 225w, https:\/\/archive.sana.sy\/tr\/wp-content\/uploads\/2015\/12\/k\u00fcba-1-1-113x150.jpg 113w, https:\/\/archive.sana.sy\/tr\/wp-content\/uploads\/2015\/12\/k\u00fcba-1-1-768x1023.jpg 768w, https:\/\/archive.sana.sy\/tr\/wp-content\/uploads\/2015\/12\/k\u00fcba-1-1-769x1024.jpg 769w\" sizes=\"auto, (max-width: 225px) 100vw, 225px\" \/>K\u00fcba\u2019y\u0131 ziyaret etmekte olan Sa\u011fl\u0131k Bakan\u0131 Nizar Yaz\u0131c\u0131 ile d\u00fcn Havana\u2019da bir araya gelen Caprices; Suriye\u2019nin, 1990\u2019larda K\u00fcba\u2019n\u0131n ba\u015f\u0131na gelen felaketlerde ve sonras\u0131nda her zaman uluslararas\u0131 alanlarda K\u00fcba\u2019n\u0131n yan\u0131nda yer ald\u0131\u011f\u0131na i\u015faret ederek K\u00fcba\u2019n\u0131n ya\u015fad\u0131\u011f\u0131 b\u00fct\u00fcn zor d\u00f6nemlerde Suriye\u2019den ciddi ve g\u00fc\u00e7l\u00fc bir siyasi iradeyi yans\u0131tan b\u00fcy\u00fck bir destek g\u00f6rd\u00fc\u011f\u00fcn\u00fc belirtti.<\/p>\n<p>\u00dclkesinin, Suriye halk\u0131 ve ordusunun ter\u00f6re kar\u015f\u0131 destans\u0131 direni\u015fini b\u00fcy\u00fck bir takdir ve sayg\u0131yla kar\u015f\u0131lad\u0131\u011f\u0131n\u0131 dile getiren Caprices; Suriye\u2019nin bug\u00fcn maruz kald\u0131\u011f\u0131 uluslararas\u0131 yapt\u0131r\u0131m, sald\u0131r\u0131 ve emperyalist komplolar\u0131n ayn\u0131s\u0131na ge\u00e7mi\u015fte uzun bir s\u00fcre maruz kald\u0131\u011f\u0131n\u0131 bu nedenle K\u00fcba halk\u0131n\u0131n Suriye halk\u0131n\u0131n ya\u015fad\u0131klar\u0131n\u0131 anlamas\u0131 ve dayan\u0131\u015fma i\u00e7erisinde olmas\u0131n\u0131n son derece ola\u011fan bir durum oldu\u011funu ibraz etti.<\/p>\n<p>Di\u011fer taraftan Suriye\u2019de ya\u015fanan son durumlara ve 2011 y\u0131l\u0131ndan bu yana meydana gelen ter\u00f6r sald\u0131r\u0131lar\u0131 sonucu sa\u011fl\u0131k alan\u0131nda meydana gelen hasara ili\u015fkin ayr\u0131nt\u0131l\u0131 bir anlat\u0131m sunan Sa\u011fl\u0131k Bakan\u0131 Yaz\u0131c\u0131; Suriye h\u00fck\u00fcmetinin ya\u015fanmakta olan b\u00fct\u00fcn zor ko\u015fullara ra\u011fmen b\u00fct\u00fcn vatanda\u015flara sa\u011fl\u0131k hizmetlerini eksiksiz bir \u015fekilde sunmaya \u00f6nem verdi\u011finin alt\u0131n\u0131 \u00e7izdi.<\/p>\n","protected":false},"excerpt":{"rendered":"<p>HAVANA \u2013 K\u00fcba Cumhuriyeti Ba\u015fbakan\u0131 Yard\u0131mc\u0131s\u0131 RicardoCaprices \u00fclkesinin Suriye\u2019de ya\u015fanmakta olan olaylara bak\u0131\u015f\u0131n\u0131n ayn\u0131 olaylar\u0131n K\u00fcba\u2019da ya\u015fan\u0131yormu\u015f gibi oldu\u011funu ifade ederek Suriye\u2019nin ter\u00f6re kar\u015f\u0131 b\u00fcy\u00fck bir sava\u015f i\u00e7erisinde oldu\u011fu ve bu sava\u015fta K\u00fcba\u2019n\u0131n Suriye ile ayn\u0131 safta yer ald\u0131\u011f\u0131n\u0131n alt\u0131n\u0131 \u00e7izdi. K\u00fcba\u2019y\u0131 ziyaret etmekte olan Sa\u011fl\u0131k Bakan\u0131 Nizar Yaz\u0131c\u0131 ile d\u00fcn Havana\u2019da bir araya gelen &hellip;<\/p>\n","protected":false},"author":1,"featured_media":56126,"comment_status":"closed","ping_status":"closed","sticky":false,"template":"","format":"standard","meta":{"footnotes":""},"categories":[458,459,17988],"tags":[],"class_list":["post-56125","post","type-post","status-publish","format-standard","has-post-thumbnail","","category-dunya1","category-haberler-arap-uluslararasi-politika","category-son-haberler"],"_links":{"self":[{"href":"https:\/\/archive.sana.sy\/tr\/index.php?rest_route=\/wp\/v2\/posts\/56125","targetHints":{"allow":["GET"]}}],"collection":[{"href":"https:\/\/archive.sana.sy\/tr\/index.php?rest_route=\/wp\/v2\/posts"}],"about":[{"href":"https:\/\/archive.sana.sy\/tr\/index.php?rest_route=\/wp\/v2\/types\/post"}],"author":[{"embeddable":true,"href":"https:\/\/archive.sana.sy\/tr\/index.php?rest_route=\/wp\/v2\/users\/1"}],"replies":[{"embeddable":true,"href":"https:\/\/archive.sana.sy\/tr\/index.php?rest_route=%2Fwp%2Fv2%2Fcomments&post=56125"}],"version-history":[{"count":0,"href":"https:\/\/archive.sana.sy\/tr\/index.php?rest_route=\/wp\/v2\/posts\/56125\/revisions"}],"wp:featuredmedia":[{"embeddable":true,"href":"https:\/\/archive.sana.sy\/tr\/index.php?rest_route=\/wp\/v2\/media\/56126"}],"wp:attachment":[{"href":"https:\/\/archive.sana.sy\/tr\/index.php?rest_route=%2Fwp%2Fv2%2Fmedia&parent=56125"}],"wp:term":[{"taxonomy":"category","embeddable":true,"href":"https:\/\/archive.sana.sy\/tr\/index.php?rest_route=%2Fwp%2Fv2%2Fcategories&post=56125"},{"taxonomy":"post_tag","embeddable":true,"href":"https:\/\/archive.sana.sy\/tr\/index.php?rest_route=%2Fwp%2Fv2%2Ftags&post=56125"}],"curies":[{"name":"wp","href":"https:\/\/api.w.org\/{rel}","templated":true}]}}