{"id":56137,"date":"2015-12-25T12:30:38","date_gmt":"2015-12-25T10:30:38","guid":{"rendered":"http:\/\/www.sana.sy\/tr\/?p=56137"},"modified":"2015-12-25T12:50:33","modified_gmt":"2015-12-25T10:50:33","slug":"noel-kutlamalari-devam-ediyor-video","status":"publish","type":"post","link":"https:\/\/archive.sana.sy\/tr\/?p=56137","title":{"rendered":"Noel Kutlamalar\u0131 Devam Ediyor (video)"},"content":{"rendered":"<p>\u0130LLER \u2013 H\u0131ristiyan yurtta\u015flar\u0131m\u0131z yurdun muhtelif b\u00f6lgelerinde Noel Bayram\u0131n\u0131 kutlamaya devam ederek bu m\u00fcnasebetle dini ve sosyal faaliyetlerini s\u00fcrd\u00fcr\u00fcyor.<\/p>\n<p>Bir\u00e7ok b\u00f6lgede M\u00fcsl\u00fcman ve H\u0131ristiyanlar\u0131n ortakla\u015fa d\u00fczenledikleri faaliyetlerde Suriye&#8217;de g\u00fcvenlik ve istikrar\u0131n sa\u011flanmas\u0131, ter\u00f6r\u00fcn son bulmas\u0131 temennileri ifade edilirken dini ayinlerde bu y\u00f6nde dualar da ediliyor.<\/p>\n<p>https:\/\/www.youtube.com\/watch?v=sYV4mYHDWrA<\/p>\n","protected":false},"excerpt":{"rendered":"<p>\u0130LLER \u2013 H\u0131ristiyan yurtta\u015flar\u0131m\u0131z yurdun muhtelif b\u00f6lgelerinde Noel Bayram\u0131n\u0131 kutlamaya devam ederek bu m\u00fcnasebetle dini ve sosyal faaliyetlerini s\u00fcrd\u00fcr\u00fcyor. Bir\u00e7ok b\u00f6lgede M\u00fcsl\u00fcman ve H\u0131ristiyanlar\u0131n ortakla\u015fa d\u00fczenledikleri faaliyetlerde Suriye&#8217;de g\u00fcvenlik ve istikrar\u0131n sa\u011flanmas\u0131, ter\u00f6r\u00fcn son bulmas\u0131 temennileri ifade edilirken dini ayinlerde bu y\u00f6nde dualar da ediliyor. https:\/\/www.youtube.com\/watch?v=sYV4mYHDWrA<\/p>\n","protected":false},"author":1,"featured_media":56139,"comment_status":"closed","ping_status":"closed","sticky":false,"template":"","format":"standard","meta":{"footnotes":""},"categories":[479,17988,478],"tags":[18224],"class_list":["post-56137","post","type-post","status-publish","format-standard","has-post-thumbnail","","category-haberler-yerel","category-son-haberler","category-yerel","tag-noel-kutlamalari-devam-ediyor-video"],"_links":{"self":[{"href":"https:\/\/archive.sana.sy\/tr\/index.php?rest_route=\/wp\/v2\/posts\/56137","targetHints":{"allow":["GET"]}}],"collection":[{"href":"https:\/\/archive.sana.sy\/tr\/index.php?rest_route=\/wp\/v2\/posts"}],"about":[{"href":"https:\/\/archive.sana.sy\/tr\/index.php?rest_route=\/wp\/v2\/types\/post"}],"author":[{"embeddable":true,"href":"https:\/\/archive.sana.sy\/tr\/index.php?rest_route=\/wp\/v2\/users\/1"}],"replies":[{"embeddable":true,"href":"https:\/\/archive.sana.sy\/tr\/index.php?rest_route=%2Fwp%2Fv2%2Fcomments&post=56137"}],"version-history":[{"count":0,"href":"https:\/\/archive.sana.sy\/tr\/index.php?rest_route=\/wp\/v2\/posts\/56137\/revisions"}],"wp:featuredmedia":[{"embeddable":true,"href":"https:\/\/archive.sana.sy\/tr\/index.php?rest_route=\/wp\/v2\/media\/56139"}],"wp:attachment":[{"href":"https:\/\/archive.sana.sy\/tr\/index.php?rest_route=%2Fwp%2Fv2%2Fmedia&parent=56137"}],"wp:term":[{"taxonomy":"category","embeddable":true,"href":"https:\/\/archive.sana.sy\/tr\/index.php?rest_route=%2Fwp%2Fv2%2Fcategories&post=56137"},{"taxonomy":"post_tag","embeddable":true,"href":"https:\/\/archive.sana.sy\/tr\/index.php?rest_route=%2Fwp%2Fv2%2Ftags&post=56137"}],"curies":[{"name":"wp","href":"https:\/\/api.w.org\/{rel}","templated":true}]}}