{"id":56152,"date":"2015-12-25T17:13:24","date_gmt":"2015-12-25T15:13:24","guid":{"rendered":"http:\/\/www.sana.sy\/tr\/?p=56152"},"modified":"2015-12-26T16:06:45","modified_gmt":"2015-12-26T14:06:45","slug":"56152","status":"publish","type":"post","link":"https:\/\/archive.sana.sy\/tr\/?p=56152","title":{"rendered":"\u00c7okuluslu Tekfirci Ter\u00f6ristlerin A\u011f\u0131r Kay\u0131plar\u0131 S\u00fcr\u00fcyor"},"content":{"rendered":"<p>\u0130LLER \u2013 Kahraman ordu birliklerimiz; ter\u00f6ristlerin vatan topraklar\u0131 \u00fczerinde ald\u0131klar\u0131 b\u00fct\u00fcn masum canlar\u0131n, ya\u015fatt\u0131klar\u0131 b\u00fct\u00fcn ac\u0131lar\u0131n ve analar\u0131n g\u00f6z\u00fcnden akan her g\u00f6zya\u015f\u0131 damlas\u0131n\u0131n hesab\u0131n\u0131 sormaya devam ediyorlar. Bu \u00e7er\u00e7evede kahraman birliklerimiz d\u00fczenledikleri ba\u015far\u0131l\u0131 operasyonlarla \u00fclkenin b\u00fct\u00fcn il, b\u00f6lge ve beldelerinde la\u011f\u0131m fareleri gibi saklanmaya \u00e7al\u0131\u015fan \u00e7ok say\u0131da ter\u00f6risti \u00f6l\u00fc ve yaral\u0131 olarak ele ge\u00e7irdi.<\/p>\n<p><span style=\"color: #0000ff\">HOMS:<\/span><\/p>\n<p>Askeri kaynak SANA muhabirine a\u00e7\u0131klamas\u0131nda; hava g\u00fc\u00e7lerimizden destek alan ordu birliklerimizin Homs Kentinin yakla\u015f\u0131k 80 km g\u00fcneydo\u011fusuna d\u00fc\u015fen Mhin ve Havvarin b\u00f6lgelerinde I\u015e\u0130D ter\u00f6r \u00f6rg\u00fct\u00fcne ait hareketlenme ve mevkilerini yo\u011fun ate\u015fe tutuklar\u0131n\u0131 ifade etti. Kaynak; operasyonlarda ter\u00f6ristlerin silah ve m\u00fchimmat ta\u015f\u0131yan ara\u00e7lar ve merkezlerinin imha edilip bir\u00e7ok ter\u00f6ristin \u00f6ld\u00fcr\u00fcld\u00fc\u011f\u00fcn\u00fc s\u00f6zlerine ekledi.<\/p>\n<p>Bu arada saha kaynaklar\u0131; Homs k\u0131rsal\u0131n\u0131n g\u00fcneydo\u011fusunda ordu birliklerimizin destek g\u00fc\u00e7leriyle i\u015fbirli\u011fi i\u00e7inde I\u015e\u0130D\u2019in toplanma eyerlerine y\u00f6nelik nitelikli operasyonlar\u0131n\u0131 s\u00fcrd\u00fcrd\u00fcklerini; Hades K\u00f6y\u00fc ve Um Keddum Tepelerine ek olarak Mhin Petrol \u0130stasyonunda bulunan radikal ter\u00f6ristlerin son mevkilerini imha ettiklerini belirtti.<\/p>\n<p>Kaynak; Homs k\u0131rsal\u0131n\u0131n kuzeyi Do\u011fu Zafarane B\u00f6lgesinde de hava g\u00fc\u00e7lerimizin Nusra Cephesinin siper ve karargahlar\u0131n\u0131 hedef almalar\u0131yla a\u011f\u0131r makineli silahlarla donat\u0131lm\u0131\u015f ara\u00e7lar\u0131n\u0131 imha edip \u00e7ok say\u0131da ter\u00f6risti \u00f6l\u00fc ve yaral\u0131 d\u00fc\u015f\u00fcrd\u00fcklerini aktard\u0131.<\/p>\n<p><span style=\"color: #0000ff\">DERA:<\/span><\/p>\n<p>\u00d6te yandan askeri kaynak; ordu birliklerimizin Dera Beled\u2019te \u0130srail\u2019den destek alan ter\u00f6ristlerin yuvalar\u0131na kar\u015f\u0131 ba\u015far\u0131l\u0131 operasyonlar\u0131nda siper kurmada kulland\u0131klar\u0131 bir dozeri tamamen imha ederek onunla beraber bulunan bir ter\u00f6r grubunun t\u00fcm \u00fcyelerini \u00f6ld\u00fcrd\u00fcklerini s\u00f6yledi.<\/p>\n<p>Dera Mahatta da ordu birliklerimizin ter\u00f6ristlerin hareketlenmelerini hedef ald\u0131klar\u0131n\u0131 belirten kaynak; ter\u00f6ristlere ait 2 yuva ve 2 g\u00f6zetleme kameras\u0131n\u0131 imha ettiklerine dikkat \u00e7ekti.<\/p>\n<p><span style=\"color: #0000ff\">LAZK\u0130YE:<\/span><\/p>\n<p>SANA\u2019ya a\u00e7\u0131klama yapan askeri bir kaynak ordu birliklerimizin Halk Savunma G\u00fc\u00e7leriyle i\u015fbirli\u011fi i\u00e7inde Lazkiye k\u0131rsal\u0131n\u0131n kuzeyinde Erdo\u011fen \u00e7eteleri tekfirci ter\u00f6r \u00e7eteleri a\u011f\u0131r kay\u0131plara u\u011fratmalar\u0131 ard\u0131ndan Avda ve Harami tepelerini kontrollerine ge\u00e7irdiklerini belirtti<\/p>\n<p>M.M.<\/p>\n","protected":false},"excerpt":{"rendered":"<p>\u0130LLER \u2013 Kahraman ordu birliklerimiz; ter\u00f6ristlerin vatan topraklar\u0131 \u00fczerinde ald\u0131klar\u0131 b\u00fct\u00fcn masum canlar\u0131n, ya\u015fatt\u0131klar\u0131 b\u00fct\u00fcn ac\u0131lar\u0131n ve analar\u0131n g\u00f6z\u00fcnden akan her g\u00f6zya\u015f\u0131 damlas\u0131n\u0131n hesab\u0131n\u0131 sormaya devam ediyorlar. Bu \u00e7er\u00e7evede kahraman birliklerimiz d\u00fczenledikleri ba\u015far\u0131l\u0131 operasyonlarla \u00fclkenin b\u00fct\u00fcn il, b\u00f6lge ve beldelerinde la\u011f\u0131m fareleri gibi saklanmaya \u00e7al\u0131\u015fan \u00e7ok say\u0131da ter\u00f6risti \u00f6l\u00fc ve yaral\u0131 olarak ele ge\u00e7irdi. HOMS: &hellip;<\/p>\n","protected":false},"author":1,"featured_media":56153,"comment_status":"closed","ping_status":"closed","sticky":false,"template":"","format":"standard","meta":{"footnotes":""},"categories":[575],"tags":[18232],"class_list":["post-56152","post","type-post","status-publish","format-standard","has-post-thumbnail","","category-olaylar-ve-gercekler","tag-cokuluslu-tekfirci-teroristlerin-agir-kayiplari-suruyor"],"_links":{"self":[{"href":"https:\/\/archive.sana.sy\/tr\/index.php?rest_route=\/wp\/v2\/posts\/56152","targetHints":{"allow":["GET"]}}],"collection":[{"href":"https:\/\/archive.sana.sy\/tr\/index.php?rest_route=\/wp\/v2\/posts"}],"about":[{"href":"https:\/\/archive.sana.sy\/tr\/index.php?rest_route=\/wp\/v2\/types\/post"}],"author":[{"embeddable":true,"href":"https:\/\/archive.sana.sy\/tr\/index.php?rest_route=\/wp\/v2\/users\/1"}],"replies":[{"embeddable":true,"href":"https:\/\/archive.sana.sy\/tr\/index.php?rest_route=%2Fwp%2Fv2%2Fcomments&post=56152"}],"version-history":[{"count":0,"href":"https:\/\/archive.sana.sy\/tr\/index.php?rest_route=\/wp\/v2\/posts\/56152\/revisions"}],"wp:featuredmedia":[{"embeddable":true,"href":"https:\/\/archive.sana.sy\/tr\/index.php?rest_route=\/wp\/v2\/media\/56153"}],"wp:attachment":[{"href":"https:\/\/archive.sana.sy\/tr\/index.php?rest_route=%2Fwp%2Fv2%2Fmedia&parent=56152"}],"wp:term":[{"taxonomy":"category","embeddable":true,"href":"https:\/\/archive.sana.sy\/tr\/index.php?rest_route=%2Fwp%2Fv2%2Fcategories&post=56152"},{"taxonomy":"post_tag","embeddable":true,"href":"https:\/\/archive.sana.sy\/tr\/index.php?rest_route=%2Fwp%2Fv2%2Ftags&post=56152"}],"curies":[{"name":"wp","href":"https:\/\/api.w.org\/{rel}","templated":true}]}}