{"id":56156,"date":"2015-12-25T15:47:29","date_gmt":"2015-12-25T13:47:29","guid":{"rendered":"http:\/\/www.sana.sy\/tr\/?p=56156"},"modified":"2015-12-26T16:20:48","modified_gmt":"2015-12-26T14:20:48","slug":"el-esadin-adayligi-amerikalilari-ilgilendirmez","status":"publish","type":"post","link":"https:\/\/archive.sana.sy\/tr\/?p=56156","title":{"rendered":"El Esad\u2019\u0131n Adayl\u0131\u011f\u0131 Amerikal\u0131lar\u0131 \u0130lgilendirmez"},"content":{"rendered":"<p>MOSKOVA \u2013 Rusya D\u0131\u015fi\u015fleri Bakan\u0131 Sergey Lavrov Suriye&#8217;deki krize siyasi \u00e7\u00f6z\u00fcm s\u00fcrecinin desteklenmesine e\u015f zamanl\u0131 olarak BM \u00e7at\u0131s\u0131 ve denetimi alt\u0131nda uluslar aras\u0131 me\u015fruiyet \u00e7er\u00e7evesinde \u00e7al\u0131\u015facak uluslar aras\u0131 ter\u00f6rle m\u00fccadele cephesinin te\u015fkil edilmesi \u00e7a\u011fr\u0131s\u0131nda bulundu.<\/p>\n<p>Katar D\u0131\u015fi\u015fleri Bakan\u0131 Halit Bin Muhammed el Atiyye ile bug\u00fcn Moskova&#8217;da d\u00fczenledi\u011fi bas\u0131n toplant\u0131s\u0131nda Lavrov; \u00f6zellikle ter\u00f6r tehlikesinin t\u0131rmanmas\u0131 ve ter\u00f6r \u00f6rg\u00fctlerinin b\u00fcy\u00fcmesi g\u00f6lgesinde Suriye&#8217;deki krize siyasi \u00e7\u00f6z\u00fcm olanaklar\u0131n\u0131 ayr\u0131nt\u0131lar\u0131yla g\u00f6r\u00fc\u015ft\u00fcklerini s\u00f6yledi.<\/p>\n<p>Lavrov Rusya&#8217;n\u0131n Suriye&#8217;de g\u00fcvenlik ve istikrar\u0131n sa\u011flanmas\u0131na, Suriye&#8217;nin toprak ve halk b\u00fct\u00fcnl\u00fc\u011f\u00fcn\u00fcn yan\u0131 s\u0131ra egemenlik ve ba\u011f\u0131ms\u0131zl\u0131\u011f\u0131n\u0131n da korunmas\u0131na b\u00fcy\u00fck \u00f6nem ve ilgi g\u00f6sterdi\u011finin alt\u0131n\u0131 \u00e7izdi.<\/p>\n<p>Haziran 2012 tarihli Cenevre deklarasyonunun hayata ge\u00e7irilmesini engelleyenlerin Bat\u0131l\u0131 devletler oldu\u011funu belirten Lavrov; Bat\u0131l\u0131lar\u0131n bu deklarasyonun haz\u0131rlanmas\u0131 ve kararla\u015ft\u0131r\u0131lmas\u0131na kat\u0131lmalar\u0131na ra\u011fmen G\u00fcvenlik Konseyinde onaylanmas\u0131n\u0131 engellediklerini a\u00e7\u0131klad\u0131. Bat\u0131l\u0131 devletlerin bu s\u00fcre\u00e7 i\u00e7inde Suriye h\u00fck\u00fcmeti ile muhalefet ak\u0131mlar\u0131 aras\u0131nda en k\u0131sa zamanda g\u00f6r\u00fc\u015fmelerin ba\u015flamas\u0131 \u00e7a\u011fr\u0131lar\u0131nda bulunduklar\u0131na dikkat \u00e7eken Lavrov; Rusya&#8217;n\u0131n bu olumlu tutumlar\u0131n\u0131 memnuniyetle kar\u015f\u0131lad\u0131\u011f\u0131n\u0131 ifade etti. Suriye h\u00fck\u00fcmeti ile diyaloga girecek muhalif taraflar\u0131n belirlenmesi konusunda uzla\u015fman\u0131n sa\u011flanmamas\u0131n\u0131n esef verici bir durum oldu\u011funu ifade eden Lavrov; ter\u00f6ristlerin muhalefet olarak g\u00f6sterilmelerinin kabul edilemez oldu\u011funu s\u00f6yledi. Lavrov her \u015feye ra\u011fmen G\u00fcvenlik Konseyinin karar\u0131 gere\u011fince muhalefet heyetini belirleyecek olan\u0131n BM\u2019nin Suriye temsilcisi Staffan de Mistura oldu\u011funa i\u015faret etti.<\/p>\n<p>Rusya D\u0131\u015fi\u015fleri Bakan\u0131 Lavrov; Suriye&#8217;de Cumhurba\u015fkan\u0131 Be\u015f\u015far el Esad\u2019\u0131n yap\u0131lacak se\u00e7imlere aday olmas\u0131 konusunun ABD\u2019lileri hi\u00e7bir \u015fekilde ilgilendirmedi\u011fini, sadece ve sadece Suriyelileri ilgilendirdi\u011finin alt\u0131n\u0131 \u00e7izdi.<\/p>\n","protected":false},"excerpt":{"rendered":"<p>MOSKOVA \u2013 Rusya D\u0131\u015fi\u015fleri Bakan\u0131 Sergey Lavrov Suriye&#8217;deki krize siyasi \u00e7\u00f6z\u00fcm s\u00fcrecinin desteklenmesine e\u015f zamanl\u0131 olarak BM \u00e7at\u0131s\u0131 ve denetimi alt\u0131nda uluslar aras\u0131 me\u015fruiyet \u00e7er\u00e7evesinde \u00e7al\u0131\u015facak uluslar aras\u0131 ter\u00f6rle m\u00fccadele cephesinin te\u015fkil edilmesi \u00e7a\u011fr\u0131s\u0131nda bulundu. Katar D\u0131\u015fi\u015fleri Bakan\u0131 Halit Bin Muhammed el Atiyye ile bug\u00fcn Moskova&#8217;da d\u00fczenledi\u011fi bas\u0131n toplant\u0131s\u0131nda Lavrov; \u00f6zellikle ter\u00f6r tehlikesinin t\u0131rmanmas\u0131 ve &hellip;<\/p>\n","protected":false},"author":1,"featured_media":56157,"comment_status":"closed","ping_status":"closed","sticky":false,"template":"","format":"standard","meta":{"footnotes":""},"categories":[458,459,17988],"tags":[18233],"class_list":["post-56156","post","type-post","status-publish","format-standard","has-post-thumbnail","","category-dunya1","category-haberler-arap-uluslararasi-politika","category-son-haberler","tag-el-esadin-adayligi-amerikalilari-ilgilendirmez"],"_links":{"self":[{"href":"https:\/\/archive.sana.sy\/tr\/index.php?rest_route=\/wp\/v2\/posts\/56156","targetHints":{"allow":["GET"]}}],"collection":[{"href":"https:\/\/archive.sana.sy\/tr\/index.php?rest_route=\/wp\/v2\/posts"}],"about":[{"href":"https:\/\/archive.sana.sy\/tr\/index.php?rest_route=\/wp\/v2\/types\/post"}],"author":[{"embeddable":true,"href":"https:\/\/archive.sana.sy\/tr\/index.php?rest_route=\/wp\/v2\/users\/1"}],"replies":[{"embeddable":true,"href":"https:\/\/archive.sana.sy\/tr\/index.php?rest_route=%2Fwp%2Fv2%2Fcomments&post=56156"}],"version-history":[{"count":0,"href":"https:\/\/archive.sana.sy\/tr\/index.php?rest_route=\/wp\/v2\/posts\/56156\/revisions"}],"wp:featuredmedia":[{"embeddable":true,"href":"https:\/\/archive.sana.sy\/tr\/index.php?rest_route=\/wp\/v2\/media\/56157"}],"wp:attachment":[{"href":"https:\/\/archive.sana.sy\/tr\/index.php?rest_route=%2Fwp%2Fv2%2Fmedia&parent=56156"}],"wp:term":[{"taxonomy":"category","embeddable":true,"href":"https:\/\/archive.sana.sy\/tr\/index.php?rest_route=%2Fwp%2Fv2%2Fcategories&post=56156"},{"taxonomy":"post_tag","embeddable":true,"href":"https:\/\/archive.sana.sy\/tr\/index.php?rest_route=%2Fwp%2Fv2%2Ftags&post=56156"}],"curies":[{"name":"wp","href":"https:\/\/api.w.org\/{rel}","templated":true}]}}