{"id":56163,"date":"2015-12-25T15:28:05","date_gmt":"2015-12-25T13:28:05","guid":{"rendered":"http:\/\/www.sana.sy\/tr\/?p=56163"},"modified":"2015-12-25T16:04:17","modified_gmt":"2015-12-25T14:04:17","slug":"tunuslu-800-terorist-oldu","status":"publish","type":"post","link":"https:\/\/archive.sana.sy\/tr\/?p=56163","title":{"rendered":"Tunuslu 800 Ter\u00f6rist \u00d6ld\u00fc"},"content":{"rendered":"<p>TUNUS \u2013 Tunus \u0130\u00e7i\u015fleri Bakanl\u0131\u011f\u0131 bug\u00fcn; Suriye&#8217;de krizin ba\u015flamas\u0131ndan bu yana ter\u00f6r saflar\u0131nda yer alan Tunuslu 800 ter\u00f6ristin \u00f6ld\u00fc\u011f\u00fcn\u00fc a\u00e7\u0131klad\u0131.<\/p>\n<p>Tunus ba\u015fkentinin kuzeyindeki Kamret Banliy\u00f6s\u00fcnde d\u00fczenlenen bilimsel panelde konu\u015fan \u0130\u00e7i\u015fleri Bakanl\u0131\u011f\u0131n\u0131n bas\u0131n sorumlusu Velid el Luveykiyni; Suriye&#8217;de ter\u00f6r saflar\u0131nda sava\u015fan Tunuslu ter\u00f6ristlerin tehlikesine i\u015faret etti. Luveykiyni y\u0131lba\u015f\u0131 s\u00fcresi i\u00e7inde yap\u0131lan ter\u00f6r tehditlerine kar\u015f\u0131 gerekli t\u00fcm g\u00fcvenlik icraatlar\u0131n\u0131n al\u0131nd\u0131\u011f\u0131n\u0131 \u00f6ne s\u00fcrd\u00fc.<\/p>\n<p>Di\u011fer yandan Tunuslu Hakaik Onlain elektronik gazetesi; Tunus g\u00fcvenlik g\u00fc\u00e7lerinin Candube Vilayetinde Tunuslu gen\u00e7leri \u00f6rg\u00fctleyip Suriye&#8217;de radikal ter\u00f6r saflar\u0131na g\u00f6nderen bir ter\u00f6r \u015febekesini \u00e7\u00f6kerterek \u00fcyelerini yakalad\u0131klar\u0131n\u0131 aktard\u0131.<\/p>\n","protected":false},"excerpt":{"rendered":"<p>TUNUS \u2013 Tunus \u0130\u00e7i\u015fleri Bakanl\u0131\u011f\u0131 bug\u00fcn; Suriye&#8217;de krizin ba\u015flamas\u0131ndan bu yana ter\u00f6r saflar\u0131nda yer alan Tunuslu 800 ter\u00f6ristin \u00f6ld\u00fc\u011f\u00fcn\u00fc a\u00e7\u0131klad\u0131. Tunus ba\u015fkentinin kuzeyindeki Kamret Banliy\u00f6s\u00fcnde d\u00fczenlenen bilimsel panelde konu\u015fan \u0130\u00e7i\u015fleri Bakanl\u0131\u011f\u0131n\u0131n bas\u0131n sorumlusu Velid el Luveykiyni; Suriye&#8217;de ter\u00f6r saflar\u0131nda sava\u015fan Tunuslu ter\u00f6ristlerin tehlikesine i\u015faret etti. Luveykiyni y\u0131lba\u015f\u0131 s\u00fcresi i\u00e7inde yap\u0131lan ter\u00f6r tehditlerine kar\u015f\u0131 gerekli t\u00fcm &hellip;<\/p>\n","protected":false},"author":1,"featured_media":56164,"comment_status":"closed","ping_status":"closed","sticky":false,"template":"","format":"standard","meta":{"footnotes":""},"categories":[458,459,17988],"tags":[18234],"class_list":["post-56163","post","type-post","status-publish","format-standard","has-post-thumbnail","","category-dunya1","category-haberler-arap-uluslararasi-politika","category-son-haberler","tag-tunuslu-800-terorist-oldu"],"_links":{"self":[{"href":"https:\/\/archive.sana.sy\/tr\/index.php?rest_route=\/wp\/v2\/posts\/56163","targetHints":{"allow":["GET"]}}],"collection":[{"href":"https:\/\/archive.sana.sy\/tr\/index.php?rest_route=\/wp\/v2\/posts"}],"about":[{"href":"https:\/\/archive.sana.sy\/tr\/index.php?rest_route=\/wp\/v2\/types\/post"}],"author":[{"embeddable":true,"href":"https:\/\/archive.sana.sy\/tr\/index.php?rest_route=\/wp\/v2\/users\/1"}],"replies":[{"embeddable":true,"href":"https:\/\/archive.sana.sy\/tr\/index.php?rest_route=%2Fwp%2Fv2%2Fcomments&post=56163"}],"version-history":[{"count":0,"href":"https:\/\/archive.sana.sy\/tr\/index.php?rest_route=\/wp\/v2\/posts\/56163\/revisions"}],"wp:featuredmedia":[{"embeddable":true,"href":"https:\/\/archive.sana.sy\/tr\/index.php?rest_route=\/wp\/v2\/media\/56164"}],"wp:attachment":[{"href":"https:\/\/archive.sana.sy\/tr\/index.php?rest_route=%2Fwp%2Fv2%2Fmedia&parent=56163"}],"wp:term":[{"taxonomy":"category","embeddable":true,"href":"https:\/\/archive.sana.sy\/tr\/index.php?rest_route=%2Fwp%2Fv2%2Fcategories&post=56163"},{"taxonomy":"post_tag","embeddable":true,"href":"https:\/\/archive.sana.sy\/tr\/index.php?rest_route=%2Fwp%2Fv2%2Ftags&post=56163"}],"curies":[{"name":"wp","href":"https:\/\/api.w.org\/{rel}","templated":true}]}}