{"id":56166,"date":"2015-12-25T16:20:09","date_gmt":"2015-12-25T14:20:09","guid":{"rendered":"http:\/\/www.sana.sy\/tr\/?p=56166"},"modified":"2015-12-25T16:23:14","modified_gmt":"2015-12-25T14:23:14","slug":"sanaya-aciklama-yapan-askeri-bir-kaynak-ordu-birliklerimizin-halk-savunma-gucleriyle-isbirligi-icinde-lazkiye-kirslainin-kuzeyinde-erdogen-ceteleri-tekfirci-teror-ceteleri-agir-kayiplara-ugra","status":"publish","type":"post","link":"https:\/\/archive.sana.sy\/tr\/?p=56166","title":{"rendered":"SANA\u2019ya a\u00e7\u0131klama yapan askeri bir kaynak ordu birliklerimizin Halk Savunma G\u00fc\u00e7leriyle i\u015fbirli\u011fi i\u00e7inde Lazkiye k\u0131rsal\u0131n\u0131n kuzeyinde Erdo\u011fen \u00e7eteleri tekfirci ter\u00f6r \u00e7eteleri a\u011f\u0131r kay\u0131plara u\u011fratmalar\u0131 ard\u0131ndan Avda ve Harami tepelerini kontrollerine ge\u00e7irdiklerini belirtti"},"content":{"rendered":"<p>SANA\u2019ya a\u00e7\u0131klama yapan askeri bir kaynak ordu birliklerimizin Halk Savunma G\u00fc\u00e7leriyle i\u015fbirli\u011fi i\u00e7inde Lazkiye k\u0131rsal\u0131n\u0131n kuzeyinde Erdo\u011fen \u00e7eteleri tekfirci ter\u00f6r \u00e7eteleri a\u011f\u0131r kay\u0131plara u\u011fratmalar\u0131 ard\u0131ndan Avda ve Harami tepelerini kontrollerine ge\u00e7irdiklerini belirtti<\/p>\n","protected":false},"excerpt":{"rendered":"<p>SANA\u2019ya a\u00e7\u0131klama yapan askeri bir kaynak ordu birliklerimizin Halk Savunma G\u00fc\u00e7leriyle i\u015fbirli\u011fi i\u00e7inde Lazkiye k\u0131rsal\u0131n\u0131n kuzeyinde Erdo\u011fen \u00e7eteleri tekfirci ter\u00f6r \u00e7eteleri a\u011f\u0131r kay\u0131plara u\u011fratmalar\u0131 ard\u0131ndan Avda ve Harami tepelerini kontrollerine ge\u00e7irdiklerini belirtti<\/p>\n","protected":false},"author":1,"featured_media":0,"comment_status":"closed","ping_status":"closed","sticky":false,"template":"","format":"standard","meta":{"footnotes":""},"categories":[17991],"tags":[],"class_list":["post-56166","post","type-post","status-publish","format-standard","","category-son-dakika"],"_links":{"self":[{"href":"https:\/\/archive.sana.sy\/tr\/index.php?rest_route=\/wp\/v2\/posts\/56166","targetHints":{"allow":["GET"]}}],"collection":[{"href":"https:\/\/archive.sana.sy\/tr\/index.php?rest_route=\/wp\/v2\/posts"}],"about":[{"href":"https:\/\/archive.sana.sy\/tr\/index.php?rest_route=\/wp\/v2\/types\/post"}],"author":[{"embeddable":true,"href":"https:\/\/archive.sana.sy\/tr\/index.php?rest_route=\/wp\/v2\/users\/1"}],"replies":[{"embeddable":true,"href":"https:\/\/archive.sana.sy\/tr\/index.php?rest_route=%2Fwp%2Fv2%2Fcomments&post=56166"}],"version-history":[{"count":0,"href":"https:\/\/archive.sana.sy\/tr\/index.php?rest_route=\/wp\/v2\/posts\/56166\/revisions"}],"wp:attachment":[{"href":"https:\/\/archive.sana.sy\/tr\/index.php?rest_route=%2Fwp%2Fv2%2Fmedia&parent=56166"}],"wp:term":[{"taxonomy":"category","embeddable":true,"href":"https:\/\/archive.sana.sy\/tr\/index.php?rest_route=%2Fwp%2Fv2%2Fcategories&post=56166"},{"taxonomy":"post_tag","embeddable":true,"href":"https:\/\/archive.sana.sy\/tr\/index.php?rest_route=%2Fwp%2Fv2%2Ftags&post=56166"}],"curies":[{"name":"wp","href":"https:\/\/api.w.org\/{rel}","templated":true}]}}