{"id":56177,"date":"2015-12-26T09:00:43","date_gmt":"2015-12-26T07:00:43","guid":{"rendered":"http:\/\/www.sana.sy\/tr\/?p=56177"},"modified":"2015-12-26T12:54:43","modified_gmt":"2015-12-26T10:54:43","slug":"islam-ordusu-tekfircilerinin-lideri-zehran-allus-oldu","status":"publish","type":"post","link":"https:\/\/archive.sana.sy\/tr\/?p=56177","title":{"rendered":"\u2018\u0130slam Ordusu\u2019 Tekfircilerinin Lideri Zehran Allu\u015f \u00d6ld\u00fc (video)"},"content":{"rendered":"<p>\u015eAM KIRSALI \u2013 \u015eam k\u0131rsal\u0131n\u0131n Do\u011fu \u011euta B\u00f6lgesinde muhtelif kaynaklar\u0131n yan\u0131 s\u0131ra bir\u00e7ok medya kayna\u011f\u0131 Suudi Arabistan\u2019da Vahhabi rejimin direktifleri ve finans\u0131yla \u2018\u0130slam Ordusu\u2019 ad\u0131 alt\u0131nda faaliyet g\u00f6steren tekirci ter\u00f6r \u00e7etelerin lideri Zehran Allu\u015f\u2019un \u00f6ld\u00fc\u011f\u00fc haberini do\u011frulad\u0131.<\/p>\n<p>Kaynaklar Do\u011fu \u011euta\u2019N\u0131n derinliklerinde ter\u00f6r \u00f6rg\u00fctleri liderlerinin topland\u0131klar\u0131 gizli bir karargah\u0131n muhtevalar\u0131yla imha edilmesi sonucunda Allu\u015f ve beraberinde bulunan bir\u00e7ok azl\u0131 ter\u00f6ristin \u00f6ld\u00fc\u011f\u00fcn\u00fc belirtti. Ter\u00f6r karargah\u0131n\u0131n muhtevalar\u0131yla tamamen imha edildi\u011fini belirten kaynaklar; \u00f6ld\u00fcr\u00fclen ter\u00f6r eleba\u015flar\u0131n\u0131n \u0130slam Ordusu, Rahman Kolordusu ve Ahrar el \u015eam \u0130slami Hareketine tabi olduklar\u0131n\u0131 ifade etti.<br \/>\nKendi taraf\u0131ndan ter\u00f6r \u00e7eteleri medya ara\u00e7lar\u0131nda Zehran Allu\u015f ve beraberinde bulunan ter\u00f6r komutanlar\u0131n\u0131n hava operasyonunda \u00f6ld\u00fcklerini itiraf ettiler.<\/p>\n<p>https:\/\/www.youtube.com\/watch?v=z2gzAynGrhU<\/p>\n","protected":false},"excerpt":{"rendered":"<p>\u015eAM KIRSALI \u2013 \u015eam k\u0131rsal\u0131n\u0131n Do\u011fu \u011euta B\u00f6lgesinde muhtelif kaynaklar\u0131n yan\u0131 s\u0131ra bir\u00e7ok medya kayna\u011f\u0131 Suudi Arabistan\u2019da Vahhabi rejimin direktifleri ve finans\u0131yla \u2018\u0130slam Ordusu\u2019 ad\u0131 alt\u0131nda faaliyet g\u00f6steren tekirci ter\u00f6r \u00e7etelerin lideri Zehran Allu\u015f\u2019un \u00f6ld\u00fc\u011f\u00fc haberini do\u011frulad\u0131. Kaynaklar Do\u011fu \u011euta\u2019N\u0131n derinliklerinde ter\u00f6r \u00f6rg\u00fctleri liderlerinin topland\u0131klar\u0131 gizli bir karargah\u0131n muhtevalar\u0131yla imha edilmesi sonucunda Allu\u015f ve beraberinde &hellip;<\/p>\n","protected":false},"author":1,"featured_media":56179,"comment_status":"closed","ping_status":"closed","sticky":false,"template":"","format":"standard","meta":{"footnotes":""},"categories":[596,575,17988],"tags":[18237,13459,2733,17133,18238],"class_list":["post-56177","post","type-post","status-publish","format-standard","has-post-thumbnail","","category-fotografli-raporlar","category-olaylar-ve-gercekler","category-son-haberler","tag-cihatcilar","tag-islam-ordusu","tag-suudi-arabistan","tag-tekfirci-teroristler","tag-zehran-allus"],"_links":{"self":[{"href":"https:\/\/archive.sana.sy\/tr\/index.php?rest_route=\/wp\/v2\/posts\/56177","targetHints":{"allow":["GET"]}}],"collection":[{"href":"https:\/\/archive.sana.sy\/tr\/index.php?rest_route=\/wp\/v2\/posts"}],"about":[{"href":"https:\/\/archive.sana.sy\/tr\/index.php?rest_route=\/wp\/v2\/types\/post"}],"author":[{"embeddable":true,"href":"https:\/\/archive.sana.sy\/tr\/index.php?rest_route=\/wp\/v2\/users\/1"}],"replies":[{"embeddable":true,"href":"https:\/\/archive.sana.sy\/tr\/index.php?rest_route=%2Fwp%2Fv2%2Fcomments&post=56177"}],"version-history":[{"count":0,"href":"https:\/\/archive.sana.sy\/tr\/index.php?rest_route=\/wp\/v2\/posts\/56177\/revisions"}],"wp:featuredmedia":[{"embeddable":true,"href":"https:\/\/archive.sana.sy\/tr\/index.php?rest_route=\/wp\/v2\/media\/56179"}],"wp:attachment":[{"href":"https:\/\/archive.sana.sy\/tr\/index.php?rest_route=%2Fwp%2Fv2%2Fmedia&parent=56177"}],"wp:term":[{"taxonomy":"category","embeddable":true,"href":"https:\/\/archive.sana.sy\/tr\/index.php?rest_route=%2Fwp%2Fv2%2Fcategories&post=56177"},{"taxonomy":"post_tag","embeddable":true,"href":"https:\/\/archive.sana.sy\/tr\/index.php?rest_route=%2Fwp%2Fv2%2Ftags&post=56177"}],"curies":[{"name":"wp","href":"https:\/\/api.w.org\/{rel}","templated":true}]}}