{"id":56184,"date":"2015-12-25T22:17:29","date_gmt":"2015-12-25T20:17:29","guid":{"rendered":"http:\/\/www.sana.sy\/tr\/?p=56184"},"modified":"2015-12-26T17:55:18","modified_gmt":"2015-12-26T15:55:18","slug":"zehran-allus-ve-daha-baska-cok-sayida-ele-basi-olduruldu-video","status":"publish","type":"post","link":"https:\/\/archive.sana.sy\/tr\/?p=56184","title":{"rendered":"Zehran Allu\u015f ve Daha Ba\u015fka \u00c7ok Say\u0131da Eleba\u015f\u0131 \u00d6ld\u00fcr\u00fcld\u00fc (video)"},"content":{"rendered":"<p>\u015eAM \u2013 Ordu ve Silahl\u0131 Kuvvetler Genel Komutanl\u0131\u011f\u0131 yay\u0131nlad\u0131\u011f\u0131 beyanda hava g\u00fc\u00e7lerimizin \u015eam k\u0131rsal\u0131 Do\u011fu \u011euta\u2019da ger\u00e7ekle\u015ftirdikleri nitelikli bir operasyonda \u2018\u0130slam Ordusu\u2019 lideri Zehran Allu\u015f ve \u00f6rg\u00fctte ileri gelen bir\u00e7ok az\u0131l\u0131 ter\u00f6r eleba\u015f\u0131n\u0131n yan\u0131 s\u0131ra \u2018Feylak el Rahman\u2019 ve \u2018Ahrar el \u015eam \u0130slami Hareketi\u2019ne tabi \u00e7ok say\u0131da ter\u00f6r komutan\u0131n\u0131n \u00f6ld\u00fcr\u00fcld\u00fc\u011f\u00fcn\u00fc belirtti.<\/p>\n<p>Genel Komutanl\u0131k resmi s\u00f6zc\u00fcs\u00fc okudu\u011fu askeri beyanda:<\/p>\n<p>\u201cOrdu ve Silahl\u0131 Kuvvetler Genel Komutanl\u0131\u011f\u0131n\u0131n beyan\u0131d\u0131r. Bir dizi g\u00f6zetleme ve takip operasyonlar\u0131n\u0131n yan\u0131 s\u0131ra dakik istihbarat bilgileri ve onurlu vatanda\u015flar\u0131n i\u015fbirli\u011fi \u00fczerine Suriye Arap Ordusunun Hava g\u00fc\u00e7lerimiz, \u015eam k\u0131rsal\u0131 Do\u011fu \u011euta\u2019da tekfirci ter\u00f6r \u00f6rg\u00fctlerin mevki ve karargahlar\u0131n\u0131 hedef ald\u0131. Operasyonda \u2018\u0130slam Ordusu\u2019 ad\u0131 alt\u0131ndaki tekfirci ter\u00f6r \u00f6rg\u00fct\u00fcn\u00fcn lideri Zehran Allu\u015f\u2019un yan\u0131 s\u0131ra Cey\u015f el \u0130slam, Feylak el Rahman ve Ahrar el \u015eam \u0130slami Hareketi adl\u0131 tekfirci ter\u00f6r \u00f6rg\u00fctlerine tabi \u00e7ok say\u0131da ter\u00f6r komutan\u0131 \u00f6ld\u00fcr\u00fcld\u00fc. \u00d6yle ki bu ter\u00f6r \u00f6rg\u00fctleri \u015eam ve k\u0131rsal\u0131nda sivil yerle\u015fim alanlar\u0131 ve savunmas\u0131z insanlar\u0131 geli\u015fi g\u00fczel hain f\u00fcze ve roketlerle hedef almaktan sorumlular.<\/p>\n<p>S\u00f6zlerine devam eden askeri s\u00f6zc\u00fc; \u201cS\u00f6z konusu nitelikli operasyon, Suriye ordusunun vatan ve halk\u0131<br \/>\ng\u00fcnahkar tekfirci ter\u00f6re kar\u015f\u0131 savunma ve bu ter\u00f6r\u00fc k\u00f6k\u00fcnden yok etmekle birlikte Vatan\u0131n her kar\u0131\u015f topra\u011f\u0131nda g\u00fcvenlik ve istikrar\u0131 sa\u011flamada \u00fcstlendi\u011fi ulusalc\u0131 rol ve sorumluluk \u00e7er\u00e7evesinde ger\u00e7ekle\u015fmi\u015ftir..\u201d<\/p>\n<p>S\u00f6zc\u00fc; \u201cOrdu ve Silahl\u0131 Kuvvetler Genel Komutanl\u0131\u011f\u0131; ter\u00f6rle m\u00fccadele ve ulusalc\u0131 sorumlulu\u011funu \u00fcstlenme kararl\u0131l\u0131\u011f\u0131n\u0131 bir kez daha vurgularken; devlete kar\u015f\u0131 silah ta\u015f\u0131yan herkesi; silah\u0131n\u0131 b\u0131rakma ve aftan yararlan\u0131p kanuni durumunu yeniden d\u00fczenlemeye, vatan\u0131n korunmas\u0131na ve ter\u00f6r kirinden temizlenmesine katk\u0131da bulunmaya \u00e7a\u011f\u0131r\u0131yor..\u201d ifadesini kulland\u0131.<\/p>\n<div style=\"width: 618px;\" class=\"wp-video\"><!--[if lt IE 9]><script>document.createElement('video');<\/script><![endif]-->\n<video class=\"wp-video-shortcode\" id=\"video-56184-1\" width=\"618\" height=\"347\" preload=\"metadata\" controls=\"controls\"><source type=\"video\/mp4\" src=\"http:\/\/www.sana.sy\/tr\/wp-content\/uploads\/2015\/12\/Ordu-ve-Silahl\u0131-Kuvvetler-Genel-Komutanl\u0131\u011f\u0131.mp4?_=1\" \/><a href=\"http:\/\/www.sana.sy\/tr\/wp-content\/uploads\/2015\/12\/Ordu-ve-Silahl\u0131-Kuvvetler-Genel-Komutanl\u0131\u011f\u0131.mp4\">http:\/\/www.sana.sy\/tr\/wp-content\/uploads\/2015\/12\/Ordu-ve-Silahl\u0131-Kuvvetler-Genel-Komutanl\u0131\u011f\u0131.mp4<\/a><\/video><\/div>\n","protected":false},"excerpt":{"rendered":"<p>\u015eAM \u2013 Ordu ve Silahl\u0131 Kuvvetler Genel Komutanl\u0131\u011f\u0131 yay\u0131nlad\u0131\u011f\u0131 beyanda hava g\u00fc\u00e7lerimizin \u015eam k\u0131rsal\u0131 Do\u011fu \u011euta\u2019da ger\u00e7ekle\u015ftirdikleri nitelikli bir operasyonda \u2018\u0130slam Ordusu\u2019 lideri Zehran Allu\u015f ve \u00f6rg\u00fctte ileri gelen bir\u00e7ok az\u0131l\u0131 ter\u00f6r eleba\u015f\u0131n\u0131n yan\u0131 s\u0131ra \u2018Feylak el Rahman\u2019 ve \u2018Ahrar el \u015eam \u0130slami Hareketi\u2019ne tabi \u00e7ok say\u0131da ter\u00f6r komutan\u0131n\u0131n \u00f6ld\u00fcr\u00fcld\u00fc\u011f\u00fcn\u00fc belirtti. Genel Komutanl\u0131k resmi s\u00f6zc\u00fcs\u00fc &hellip;<\/p>\n","protected":false},"author":1,"featured_media":56188,"comment_status":"closed","ping_status":"closed","sticky":false,"template":"","format":"standard","meta":{"footnotes":""},"categories":[596,575,17988],"tags":[2770,18239],"class_list":["post-56184","post","type-post","status-publish","format-standard","has-post-thumbnail","","category-fotografli-raporlar","category-olaylar-ve-gercekler","category-son-haberler","tag-ordu-ve-silahli-kuvvetler-genel-komutanligi","tag-zehran-allus-ve-daha-baska-cok-sayida-ele-basi-olduruldu"],"_links":{"self":[{"href":"https:\/\/archive.sana.sy\/tr\/index.php?rest_route=\/wp\/v2\/posts\/56184","targetHints":{"allow":["GET"]}}],"collection":[{"href":"https:\/\/archive.sana.sy\/tr\/index.php?rest_route=\/wp\/v2\/posts"}],"about":[{"href":"https:\/\/archive.sana.sy\/tr\/index.php?rest_route=\/wp\/v2\/types\/post"}],"author":[{"embeddable":true,"href":"https:\/\/archive.sana.sy\/tr\/index.php?rest_route=\/wp\/v2\/users\/1"}],"replies":[{"embeddable":true,"href":"https:\/\/archive.sana.sy\/tr\/index.php?rest_route=%2Fwp%2Fv2%2Fcomments&post=56184"}],"version-history":[{"count":0,"href":"https:\/\/archive.sana.sy\/tr\/index.php?rest_route=\/wp\/v2\/posts\/56184\/revisions"}],"wp:featuredmedia":[{"embeddable":true,"href":"https:\/\/archive.sana.sy\/tr\/index.php?rest_route=\/wp\/v2\/media\/56188"}],"wp:attachment":[{"href":"https:\/\/archive.sana.sy\/tr\/index.php?rest_route=%2Fwp%2Fv2%2Fmedia&parent=56184"}],"wp:term":[{"taxonomy":"category","embeddable":true,"href":"https:\/\/archive.sana.sy\/tr\/index.php?rest_route=%2Fwp%2Fv2%2Fcategories&post=56184"},{"taxonomy":"post_tag","embeddable":true,"href":"https:\/\/archive.sana.sy\/tr\/index.php?rest_route=%2Fwp%2Fv2%2Ftags&post=56184"}],"curies":[{"name":"wp","href":"https:\/\/api.w.org\/{rel}","templated":true}]}}