{"id":5620,"date":"2014-07-21T16:06:00","date_gmt":"2014-07-21T13:06:00","guid":{"rendered":"http:\/\/www.sana.sy\/tr\/?p=5620"},"modified":"2014-07-21T16:06:00","modified_gmt":"2014-07-21T13:06:00","slug":"gatilov-mistura-ile-gorusmeler-yakinda-baslayabilir","status":"publish","type":"post","link":"https:\/\/archive.sana.sy\/tr\/?p=5620","title":{"rendered":"Gatilov: Mistura \u0130le G\u00f6r\u00fc\u015fmeler Yak\u0131nda Ba\u015flayabilir"},"content":{"rendered":"<p>MOSKOVA \u2013 Rusya D\u0131\u015fi\u015fleri Bakan\u0131 Yard\u0131mc\u0131s\u0131 Gannady Gatilov, BM\u2019nin Suriye \u00d6zel Temsilcisi Stefan De Mistura ile yak\u0131n bir tarihte g\u00f6r\u00fc\u015fmelerin ba\u015flamas\u0131n\u0131n uzak bir ihtimal olmad\u0131\u011f\u0131na i\u015faret ederek; bu g\u00f6r\u00fc\u015fmelerin amac\u0131n\u0131n Suriyeliler aras\u0131ndaki diyalogun biran \u00f6nce ba\u015flat\u0131lmas\u0131 olaca\u011f\u0131n\u0131 belirtti.<\/p>\n<p>Gatilov bug\u00fcn yapt\u0131\u011f\u0131 a\u00e7\u0131klamada, bu konuyla yak\u0131n vadede uygulanabilecek belirli fikirler bulunmas\u0131na ra\u011fmen kesin h\u00fck\u00fcmlerle konu\u015fmak i\u00e7in hen\u00fcz erken oldu\u011funu ifade etti.<\/p>\n<p>Rusya\u2019n\u0131n g\u00f6r\u00fc\u015fmelere haz\u0131r oldu\u011funa dikkat \u00e7eken Gatilov; ancak \u00f6nemli olan as\u0131l konunun g\u00f6r\u00fc\u015fmelerin ba\u015flamas\u0131ndan ziyade Suriyeli taraflar\u0131n kendi aralar\u0131ndaki diyalog ile somutlanan fiili problemlerin \u00e7\u00f6z\u00fclmesi oldu\u011funu dile getirdi.<\/p>\n<p>Rusya\u2019n\u0131n Suriyeli muhalefet temsilcileri ile g\u00f6r\u00fc\u015fme plan\u0131na ili\u015fkin olarak da, hen\u00fcz bu konuda herhangi bir plan bulunmad\u0131\u011f\u0131n\u0131 ifade eden Gatilov; ancak \u201cMuhalefet Koalisyonundan\u201d bu y\u00f6nde bir talep olmas\u0131 halinde Rusya\u2019n\u0131n g\u00f6r\u00fc\u015fmeye haz\u0131r olaca\u011f\u0131n\u0131 beyan etti.<\/p>\n","protected":false},"excerpt":{"rendered":"<p>MOSKOVA \u2013 Rusya D\u0131\u015fi\u015fleri Bakan\u0131 Yard\u0131mc\u0131s\u0131 Gannady Gatilov, BM\u2019nin Suriye \u00d6zel Temsilcisi Stefan De Mistura ile yak\u0131n bir tarihte g\u00f6r\u00fc\u015fmelerin ba\u015flamas\u0131n\u0131n uzak bir ihtimal olmad\u0131\u011f\u0131na i\u015faret ederek; bu g\u00f6r\u00fc\u015fmelerin amac\u0131n\u0131n Suriyeliler aras\u0131ndaki diyalogun biran \u00f6nce ba\u015flat\u0131lmas\u0131 olaca\u011f\u0131n\u0131 belirtti. Gatilov bug\u00fcn yapt\u0131\u011f\u0131 a\u00e7\u0131klamada, bu konuyla yak\u0131n vadede uygulanabilecek belirli fikirler bulunmas\u0131na ra\u011fmen kesin h\u00fck\u00fcmlerle konu\u015fmak i\u00e7in &hellip;<\/p>\n","protected":false},"author":1,"featured_media":5621,"comment_status":"closed","ping_status":"closed","sticky":false,"template":"","format":"standard","meta":{"footnotes":""},"categories":[458,459,447,584],"tags":[1225],"class_list":["post-5620","post","type-post","status-publish","format-standard","has-post-thumbnail","","category-dunya1","category-haberler-arap-uluslararasi-politika","category-politika","category-yurtdisinda-sana-ofisleri","tag-gatilov-mistura-ile-gorusmeler-yakinda-baslayabilir"],"_links":{"self":[{"href":"https:\/\/archive.sana.sy\/tr\/index.php?rest_route=\/wp\/v2\/posts\/5620","targetHints":{"allow":["GET"]}}],"collection":[{"href":"https:\/\/archive.sana.sy\/tr\/index.php?rest_route=\/wp\/v2\/posts"}],"about":[{"href":"https:\/\/archive.sana.sy\/tr\/index.php?rest_route=\/wp\/v2\/types\/post"}],"author":[{"embeddable":true,"href":"https:\/\/archive.sana.sy\/tr\/index.php?rest_route=\/wp\/v2\/users\/1"}],"replies":[{"embeddable":true,"href":"https:\/\/archive.sana.sy\/tr\/index.php?rest_route=%2Fwp%2Fv2%2Fcomments&post=5620"}],"version-history":[{"count":0,"href":"https:\/\/archive.sana.sy\/tr\/index.php?rest_route=\/wp\/v2\/posts\/5620\/revisions"}],"wp:featuredmedia":[{"embeddable":true,"href":"https:\/\/archive.sana.sy\/tr\/index.php?rest_route=\/wp\/v2\/media\/5621"}],"wp:attachment":[{"href":"https:\/\/archive.sana.sy\/tr\/index.php?rest_route=%2Fwp%2Fv2%2Fmedia&parent=5620"}],"wp:term":[{"taxonomy":"category","embeddable":true,"href":"https:\/\/archive.sana.sy\/tr\/index.php?rest_route=%2Fwp%2Fv2%2Fcategories&post=5620"},{"taxonomy":"post_tag","embeddable":true,"href":"https:\/\/archive.sana.sy\/tr\/index.php?rest_route=%2Fwp%2Fv2%2Ftags&post=5620"}],"curies":[{"name":"wp","href":"https:\/\/api.w.org\/{rel}","templated":true}]}}