{"id":56221,"date":"2015-12-26T08:30:46","date_gmt":"2015-12-26T06:30:46","guid":{"rendered":"http:\/\/www.sana.sy\/tr\/?p=56221"},"modified":"2015-12-26T13:06:08","modified_gmt":"2015-12-26T11:06:08","slug":"bayram-mutlulugu-butun-kesimlerin-hosgoru-ve-sevgisini-yansitiyor-video","status":"publish","type":"post","link":"https:\/\/archive.sana.sy\/tr\/?p=56221","title":{"rendered":"Bayram Mutlulu\u011fu B\u00fct\u00fcn Kesimlerin Ho\u015fg\u00f6r\u00fc ve Sevgisini Yans\u0131t\u0131yor (video)"},"content":{"rendered":"<p>\u015eAM \u2013 Suriyeli Gen\u00e7li\u011fin Parmak \u0130zi Derne\u011fi d\u00fcn Hazreti Muhammed Peygamberimizin Do\u011fumunun Y\u0131ld\u00f6n\u00fcm\u00fc ve Noel Bayram\u0131 m\u00fcnasebetiyle \u015eam\u2019da Meryemiye Kilisesinde \u201cBayram Mutlulu\u011fu\u201d ba\u015fl\u0131kl\u0131 bir etkinlik d\u00fczenledi.<\/p>\n<p>Suriyeli Gen\u00e7li\u011fin Parmak \u0130zi Derne\u011fi Y\u00f6netim Kurulu Ba\u015fkan\u0131 Mecd Akku\u015f, etkinli\u011fin Suriye\u2019de ya\u015fayan b\u00fct\u00fcn kesimler aras\u0131ndaki ho\u015fg\u00f6r\u00fc ve sevgiyi yans\u0131tt\u0131\u011f\u0131na ifade etti.<\/p>\n<p>Bayram Mutlulu\u011fu etkinli\u011finde engelli \u00e7ocuklar\u0131n aktif olarak yer ald\u0131\u011f\u0131na i\u015feret eden Akku\u015f; etkinlik s\u00fcresince engelli \u00e7ocuklar\u0131n y\u00fczlerine resmedilen g\u00fcl\u00fcmsemeyle etkinli\u011fin as\u0131l amac\u0131na ula\u015ft\u0131\u011f\u0131n\u0131 belirtti.<\/p>\n<p>Etkinli\u011fin planlamas\u0131ndan sahne almas\u0131na kadar her a\u015famas\u0131nda engelli gen\u00e7lerin eme\u011fi bulundu\u011funa dikkat \u00e7eken Akku\u015f; hayat\u0131n b\u00fct\u00fcn zorluklar\u0131na ek olarak kendilerine \u00f6zel zorluklar ya\u015fayan bu gen\u00e7lerin her \u015feye ra\u011fmen b\u00fcy\u00fck bir azim ve yetene\u011fe sahip olduklar\u0131n\u0131n alt\u0131n\u0131 \u00e7izdi.<\/p>\n<p>https:\/\/www.youtube.com\/watch?v=9RdI_hFpvAs<\/p>\n","protected":false},"excerpt":{"rendered":"<p>\u015eAM \u2013 Suriyeli Gen\u00e7li\u011fin Parmak \u0130zi Derne\u011fi d\u00fcn Hazreti Muhammed Peygamberimizin Do\u011fumunun Y\u0131ld\u00f6n\u00fcm\u00fc ve Noel Bayram\u0131 m\u00fcnasebetiyle \u015eam\u2019da Meryemiye Kilisesinde \u201cBayram Mutlulu\u011fu\u201d ba\u015fl\u0131kl\u0131 bir etkinlik d\u00fczenledi. Suriyeli Gen\u00e7li\u011fin Parmak \u0130zi Derne\u011fi Y\u00f6netim Kurulu Ba\u015fkan\u0131 Mecd Akku\u015f, etkinli\u011fin Suriye\u2019de ya\u015fayan b\u00fct\u00fcn kesimler aras\u0131ndaki ho\u015fg\u00f6r\u00fc ve sevgiyi yans\u0131tt\u0131\u011f\u0131na ifade etti. Bayram Mutlulu\u011fu etkinli\u011finde engelli \u00e7ocuklar\u0131n aktif olarak &hellip;<\/p>\n","protected":false},"author":1,"featured_media":56222,"comment_status":"closed","ping_status":"closed","sticky":false,"template":"","format":"standard","meta":{"footnotes":""},"categories":[596,526,479,17988,525,478],"tags":[18241,18244,18242,18243],"class_list":["post-56221","post","type-post","status-publish","format-standard","has-post-thumbnail","","category-fotografli-raporlar","category-haber-ve-raporlar","category-haberler-yerel","category-son-haberler","category-toplum","category-yerel","tag-engelli-insnalar","tag-nool-kutlamalari","tag-sosyal-faaliyet","tag-suriyeli-gencligin-parmak-izi-dernegi"],"_links":{"self":[{"href":"https:\/\/archive.sana.sy\/tr\/index.php?rest_route=\/wp\/v2\/posts\/56221","targetHints":{"allow":["GET"]}}],"collection":[{"href":"https:\/\/archive.sana.sy\/tr\/index.php?rest_route=\/wp\/v2\/posts"}],"about":[{"href":"https:\/\/archive.sana.sy\/tr\/index.php?rest_route=\/wp\/v2\/types\/post"}],"author":[{"embeddable":true,"href":"https:\/\/archive.sana.sy\/tr\/index.php?rest_route=\/wp\/v2\/users\/1"}],"replies":[{"embeddable":true,"href":"https:\/\/archive.sana.sy\/tr\/index.php?rest_route=%2Fwp%2Fv2%2Fcomments&post=56221"}],"version-history":[{"count":0,"href":"https:\/\/archive.sana.sy\/tr\/index.php?rest_route=\/wp\/v2\/posts\/56221\/revisions"}],"wp:featuredmedia":[{"embeddable":true,"href":"https:\/\/archive.sana.sy\/tr\/index.php?rest_route=\/wp\/v2\/media\/56222"}],"wp:attachment":[{"href":"https:\/\/archive.sana.sy\/tr\/index.php?rest_route=%2Fwp%2Fv2%2Fmedia&parent=56221"}],"wp:term":[{"taxonomy":"category","embeddable":true,"href":"https:\/\/archive.sana.sy\/tr\/index.php?rest_route=%2Fwp%2Fv2%2Fcategories&post=56221"},{"taxonomy":"post_tag","embeddable":true,"href":"https:\/\/archive.sana.sy\/tr\/index.php?rest_route=%2Fwp%2Fv2%2Ftags&post=56221"}],"curies":[{"name":"wp","href":"https:\/\/api.w.org\/{rel}","templated":true}]}}