{"id":56241,"date":"2015-12-26T18:02:40","date_gmt":"2015-12-26T16:02:40","guid":{"rendered":"http:\/\/www.sana.sy\/tr\/?p=56241"},"modified":"2015-12-27T15:50:26","modified_gmt":"2015-12-27T13:50:26","slug":"terore-karsi-basarilar-devam-ediyor","status":"publish","type":"post","link":"https:\/\/archive.sana.sy\/tr\/?p=56241","title":{"rendered":"Ter\u00f6re Kar\u015f\u0131 Ba\u015far\u0131lar Devam Ediyor (video)"},"content":{"rendered":"<p>\u0130LLER \u2013 Kahraman ordu birliklerimiz \u00fclke genelinde silahl\u0131 ter\u00f6r gruplar\u0131na kar\u015f\u0131 s\u00fcrd\u00fcrd\u00fckleri amans\u0131z m\u00fccadeleleri \u00e7er\u00e7evesinde bug\u00fcn ter\u00f6ristlere ait silah ve m\u00fchimmat\u0131 imha etmekle birlikte onlarca ter\u00f6risti eleba\u015flar\u0131yla birlikte \u00f6l\u00fc ve yaral\u0131 d\u00fc\u015f\u00fcrd\u00fcler.<\/p>\n<p><span style=\"color: #0000ff\">HAMA:<\/span><\/p>\n<p>SANA\u2019ya a\u00e7\u0131klama yapan askeri bir kaynak; Hama k\u0131rsal\u0131n\u0131n kuzeyinde Vahhabi \u00c2l Suud ve ihvanc\u0131 Erdo\u011fan rejimlerine ba\u011fl\u0131 \u2018Fetih Ordusu\u2019 ve di\u011fer ter\u00f6r \u00f6rg\u00fctlere y\u00f6nelik nitelikli operasyonlar\u0131n\u0131 s\u00fcrd\u00fcren hava g\u00fc\u00e7lerimizin; At\u015fan Beldesinde \u2018Ahrar el \u015eam \u0130slami Hareketi\u2019ne ait bir karargah\u0131 imha ettiklerini ifade etti.<\/p>\n<p>Kaynak; Hama Kentinin yakla\u015f\u0131k 40 km kuzeyine d\u00fc\u015fen Muarkebba K\u00f6y\u00fcnde de hava g\u00fc\u00e7lerimizin Nusra Cephesi ve \u00e7at\u0131s\u0131 alt\u0131ndaki ter\u00f6r \u00f6rg\u00fctlere ait bir komuta karargah\u0131na ek olarak silah ve m\u00fchimmat ta\u015f\u0131yan iki arac\u0131 imha etmelerine e\u015f zamanl\u0131 olarak Latamina Beldesinin do\u011fusunda \u00e7ok say\u0131da ter\u00f6risti \u00f6l\u00fc ve yaral\u0131 d\u00fc\u015f\u00fcrd\u00fcklerini belirtti.<\/p>\n<p><span style=\"color: #0000ff\">\u0130DL\u0130B:<\/span><\/p>\n<p>Bu arada \u0130dlib k\u0131rsal\u0131n\u0131n g\u00fcneyinde Hama il idari s\u0131n\u0131rlar\u0131na d\u00fc\u015fen Temania Beldesinde \u2018Cund el Aksa\u2019ya tabi bir komuta karargah\u0131n\u0131 tamamen yok eden hava g\u00fc\u00e7lerimiz; radikal ter\u00f6r saflar\u0131nda a\u011f\u0131r kay\u0131plara yol a\u00e7t\u0131.<\/p>\n<p><span style=\"color: #0000ff\">DEYREZZOR:<\/span><\/p>\n<p>\u00d6te yandan Deyrezzor Kentinin do\u011fu kenarlar\u0131na d\u00fc\u015fen Huvaycet Sakr B\u00f6lgesinde hava g\u00fc\u00e7lerimizin I\u015e\u0130D ter\u00f6r \u00f6rg\u00fct\u00fcn\u00fcn siper ve mevkilerini yo\u011fun ate\u015fe tutuklar\u0131n\u0131 aktaran askeri kaynak; \u00e7ok say\u0131da ter\u00f6risti \u00f6l\u00fc ve yaral\u0131 d\u00fc\u015f\u00fcr\u00fcp havzalar\u0131nda bulunan silah ve m\u00fchimmatlar\u0131na ilaveten a\u011f\u0131r makineli silahlarla donat\u0131lm\u0131\u015f ara\u00e7lar\u0131n\u0131 tahrip ettiklerini s\u00f6yledi.<\/p>\n<p>Deyrezzor Kenti Sanayi Semtinde de ordu birliklerimizin I\u015e\u0130D\u2019in toplanma yerlerine kar\u015f\u0131 ba\u015far\u0131l\u0131 operasyonlar ger\u00e7ekle\u015ftirdiklerine dikkat \u00e7eken kaynak; ter\u00f6ristleri say\u0131 ve te\u00e7hizatlar\u0131yla b\u00fcy\u00fck kay\u0131plara u\u011fratt\u0131klar\u0131n\u0131 s\u00f6zlerine ekledi.<\/p>\n<p><span style=\"color: #0000ff\">HALEP:<\/span><\/p>\n<p>Askeri kaynak; hava g\u00fc\u00e7lerimizin Halep Kentinin yakla\u015f\u0131k 90 km kuzeydo\u011fusuna d\u00fc\u015fen \u00c2cuziye ve Tel el Hattabat k\u00f6ylerinde katil Erdo\u011fan rejiminin destekledi\u011fi I\u015e\u0130D\u2019in siper ve muhtelif makineli silahlarla donat\u0131lm\u0131\u015f ara\u00e7lar\u0131n\u0131 imha ettiklerini beyan etti.<\/p>\n<p>Hava g\u00fc\u00e7lerimizin Halep\u2019in g\u00fcneydo\u011fusu Hanas\u0131r Beldesinde I\u015e\u0130D\u2019in toplanma yerleri ve merkezlerini hedef ald\u0131klar\u0131n\u0131 belirten kaynak; ter\u00f6rist ve cephane ta\u015f\u0131yan ara\u00e7lar\u0131n\u0131 da tamam\u0131yla yok ettiklerini aktard\u0131.<\/p>\n<p>Kaynak; Halep Kentinde ise Kerm Dadae ve Bostan el Kasr semtlerinde Nusra Cephesi ve di\u011fer ter\u00f6r \u00f6rg\u00fctlere ait yuva ve k\u00fcmelenme yerlerinin imha edildi\u011fini s\u00f6yledi.<\/p>\n<p>Bu arada ter\u00f6r \u00e7eteleri medya ara\u00e7lar\u0131nda \u2018Ahrar el \u015eam \u0130slami Hareketi\u2019nde askeri komutan Ahmet Ebu el Baraa\u2019a ek olarak \u2018Fecir el Hilafet Taburlar\u0131\u2019 tekfircilerinin komutan\u0131 Muhammed Mustafa el Avar\u2019\u0131n yan\u0131 s\u0131ra s\u00f6z konusu \u00f6rg\u00fcte tabi 7 ter\u00f6ristin daha \u00f6ld\u00fcr\u00fcld\u00fc\u011f\u00fcn\u00fc itiraf etti.<\/p>\n<p><span style=\"color: #0000ff\">\u015eAM KIRSALI:<\/span><\/p>\n<p>\u015eam k\u0131rsal\u0131nda ise SANA\u2019ya a\u00e7\u0131klama yapan askeri bir kaynak; ordu birliklerimizin Do\u011fu \u011euta\u2019da Hav\u015f Nasri ile Hav\u015f el Fare b\u00f6lgeleri aras\u0131nda uzanan ve uzunlu\u011fu 200 m olan bir t\u00fcneli imha ettiklerini belirtti.<\/p>\n<div id='gallery-1' class='gallery galleryid-56241 gallery-columns-3 gallery-size-thumbnail'><figure class='gallery-item'>\n\t\t\t<div class='gallery-icon landscape'>\n\t\t\t\t<a href='https:\/\/archive.sana.sy\/tr\/wp-content\/uploads\/2015\/12\/t\u00fcnel.jpg'><img loading=\"lazy\" decoding=\"async\" width=\"150\" height=\"83\" src=\"https:\/\/archive.sana.sy\/tr\/wp-content\/uploads\/2015\/12\/t\u00fcnel-150x83.jpg\" class=\"attachment-thumbnail size-thumbnail\" alt=\"\" srcset=\"https:\/\/archive.sana.sy\/tr\/wp-content\/uploads\/2015\/12\/t\u00fcnel-150x83.jpg 150w, https:\/\/archive.sana.sy\/tr\/wp-content\/uploads\/2015\/12\/t\u00fcnel-300x165.jpg 300w, https:\/\/archive.sana.sy\/tr\/wp-content\/uploads\/2015\/12\/t\u00fcnel.jpg 619w\" sizes=\"auto, (max-width: 150px) 100vw, 150px\" \/><\/a>\n\t\t\t<\/div><\/figure><figure class='gallery-item'>\n\t\t\t<div class='gallery-icon landscape'>\n\t\t\t\t<a href='https:\/\/archive.sana.sy\/tr\/wp-content\/uploads\/2015\/12\/t\u00fcnel-1.jpg'><img loading=\"lazy\" decoding=\"async\" width=\"150\" height=\"99\" src=\"https:\/\/archive.sana.sy\/tr\/wp-content\/uploads\/2015\/12\/t\u00fcnel-1-150x99.jpg\" class=\"attachment-thumbnail size-thumbnail\" alt=\"\" srcset=\"https:\/\/archive.sana.sy\/tr\/wp-content\/uploads\/2015\/12\/t\u00fcnel-1-150x99.jpg 150w, https:\/\/archive.sana.sy\/tr\/wp-content\/uploads\/2015\/12\/t\u00fcnel-1-300x199.jpg 300w, https:\/\/archive.sana.sy\/tr\/wp-content\/uploads\/2015\/12\/t\u00fcnel-1-310x205.jpg 310w, https:\/\/archive.sana.sy\/tr\/wp-content\/uploads\/2015\/12\/t\u00fcnel-1.jpg 503w\" sizes=\"auto, (max-width: 150px) 100vw, 150px\" \/><\/a>\n\t\t\t<\/div><\/figure><figure class='gallery-item'>\n\t\t\t<div class='gallery-icon landscape'>\n\t\t\t\t<a href='https:\/\/archive.sana.sy\/tr\/wp-content\/uploads\/2015\/12\/t\u00fcnel-2.jpg'><img loading=\"lazy\" decoding=\"async\" width=\"150\" height=\"88\" src=\"https:\/\/archive.sana.sy\/tr\/wp-content\/uploads\/2015\/12\/t\u00fcnel-2-150x88.jpg\" class=\"attachment-thumbnail size-thumbnail\" alt=\"\" srcset=\"https:\/\/archive.sana.sy\/tr\/wp-content\/uploads\/2015\/12\/t\u00fcnel-2-150x88.jpg 150w, https:\/\/archive.sana.sy\/tr\/wp-content\/uploads\/2015\/12\/t\u00fcnel-2-300x177.jpg 300w, https:\/\/archive.sana.sy\/tr\/wp-content\/uploads\/2015\/12\/t\u00fcnel-2.jpg 588w\" sizes=\"auto, (max-width: 150px) 100vw, 150px\" \/><\/a>\n\t\t\t<\/div><\/figure><figure class='gallery-item'>\n\t\t\t<div class='gallery-icon landscape'>\n\t\t\t\t<a href='https:\/\/archive.sana.sy\/tr\/wp-content\/uploads\/2015\/12\/t\u00fcnel-3.jpg'><img loading=\"lazy\" decoding=\"async\" width=\"150\" height=\"71\" src=\"https:\/\/archive.sana.sy\/tr\/wp-content\/uploads\/2015\/12\/t\u00fcnel-3-150x71.jpg\" class=\"attachment-thumbnail size-thumbnail\" alt=\"\" srcset=\"https:\/\/archive.sana.sy\/tr\/wp-content\/uploads\/2015\/12\/t\u00fcnel-3-150x71.jpg 150w, https:\/\/archive.sana.sy\/tr\/wp-content\/uploads\/2015\/12\/t\u00fcnel-3-300x143.jpg 300w, https:\/\/archive.sana.sy\/tr\/wp-content\/uploads\/2015\/12\/t\u00fcnel-3.jpg 720w\" sizes=\"auto, (max-width: 150px) 100vw, 150px\" \/><\/a>\n\t\t\t<\/div><\/figure><figure class='gallery-item'>\n\t\t\t<div class='gallery-icon landscape'>\n\t\t\t\t<a href='https:\/\/archive.sana.sy\/tr\/wp-content\/uploads\/2015\/12\/t\u00fcnel-4.jpg'><img loading=\"lazy\" decoding=\"async\" width=\"150\" height=\"91\" src=\"https:\/\/archive.sana.sy\/tr\/wp-content\/uploads\/2015\/12\/t\u00fcnel-4-150x91.jpg\" class=\"attachment-thumbnail size-thumbnail\" alt=\"\" srcset=\"https:\/\/archive.sana.sy\/tr\/wp-content\/uploads\/2015\/12\/t\u00fcnel-4-150x91.jpg 150w, https:\/\/archive.sana.sy\/tr\/wp-content\/uploads\/2015\/12\/t\u00fcnel-4-300x182.jpg 300w, https:\/\/archive.sana.sy\/tr\/wp-content\/uploads\/2015\/12\/t\u00fcnel-4.jpg 720w\" sizes=\"auto, (max-width: 150px) 100vw, 150px\" \/><\/a>\n\t\t\t<\/div><\/figure>\n\t\t<\/div>\n\n<p>https:\/\/www.youtube.com\/watch?v=UqE6gymgEiU<\/p>\n<p>M.M.<\/p>\n","protected":false},"excerpt":{"rendered":"<p>\u0130LLER \u2013 Kahraman ordu birliklerimiz \u00fclke genelinde silahl\u0131 ter\u00f6r gruplar\u0131na kar\u015f\u0131 s\u00fcrd\u00fcrd\u00fckleri amans\u0131z m\u00fccadeleleri \u00e7er\u00e7evesinde bug\u00fcn ter\u00f6ristlere ait silah ve m\u00fchimmat\u0131 imha etmekle birlikte onlarca ter\u00f6risti eleba\u015flar\u0131yla birlikte \u00f6l\u00fc ve yaral\u0131 d\u00fc\u015f\u00fcrd\u00fcler. HAMA: SANA\u2019ya a\u00e7\u0131klama yapan askeri bir kaynak; Hama k\u0131rsal\u0131n\u0131n kuzeyinde Vahhabi \u00c2l Suud ve ihvanc\u0131 Erdo\u011fan rejimlerine ba\u011fl\u0131 \u2018Fetih Ordusu\u2019 ve di\u011fer ter\u00f6r &hellip;<\/p>\n","protected":false},"author":1,"featured_media":56242,"comment_status":"closed","ping_status":"closed","sticky":false,"template":"","format":"standard","meta":{"footnotes":""},"categories":[479,575,478],"tags":[18247],"class_list":["post-56241","post","type-post","status-publish","format-standard","has-post-thumbnail","","category-haberler-yerel","category-olaylar-ve-gercekler","category-yerel","tag-terore-karsi-basarilar-devam-ediyor"],"_links":{"self":[{"href":"https:\/\/archive.sana.sy\/tr\/index.php?rest_route=\/wp\/v2\/posts\/56241","targetHints":{"allow":["GET"]}}],"collection":[{"href":"https:\/\/archive.sana.sy\/tr\/index.php?rest_route=\/wp\/v2\/posts"}],"about":[{"href":"https:\/\/archive.sana.sy\/tr\/index.php?rest_route=\/wp\/v2\/types\/post"}],"author":[{"embeddable":true,"href":"https:\/\/archive.sana.sy\/tr\/index.php?rest_route=\/wp\/v2\/users\/1"}],"replies":[{"embeddable":true,"href":"https:\/\/archive.sana.sy\/tr\/index.php?rest_route=%2Fwp%2Fv2%2Fcomments&post=56241"}],"version-history":[{"count":0,"href":"https:\/\/archive.sana.sy\/tr\/index.php?rest_route=\/wp\/v2\/posts\/56241\/revisions"}],"wp:featuredmedia":[{"embeddable":true,"href":"https:\/\/archive.sana.sy\/tr\/index.php?rest_route=\/wp\/v2\/media\/56242"}],"wp:attachment":[{"href":"https:\/\/archive.sana.sy\/tr\/index.php?rest_route=%2Fwp%2Fv2%2Fmedia&parent=56241"}],"wp:term":[{"taxonomy":"category","embeddable":true,"href":"https:\/\/archive.sana.sy\/tr\/index.php?rest_route=%2Fwp%2Fv2%2Fcategories&post=56241"},{"taxonomy":"post_tag","embeddable":true,"href":"https:\/\/archive.sana.sy\/tr\/index.php?rest_route=%2Fwp%2Fv2%2Ftags&post=56241"}],"curies":[{"name":"wp","href":"https:\/\/api.w.org\/{rel}","templated":true}]}}