{"id":56259,"date":"2015-12-27T08:24:04","date_gmt":"2015-12-27T06:24:04","guid":{"rendered":"http:\/\/www.sana.sy\/tr\/?p=56259"},"modified":"2015-12-27T08:24:37","modified_gmt":"2015-12-27T06:24:37","slug":"teroristlerin-kullandiklari-tunel-imha-edildi-video","status":"publish","type":"post","link":"https:\/\/archive.sana.sy\/tr\/?p=56259","title":{"rendered":"Ter\u00f6ristlerin Kulland\u0131klar\u0131 T\u00fcnel \u0130mha Edildi (video)"},"content":{"rendered":"<p>\u015eAM KIRSALI \u2013 Ordu birliklerimiz \u015eam k\u0131rsal\u0131 Do\u011fu \u011euta B\u00f6lgesinde tekfirci ter\u00f6ristlerin kaz\u0131d\u0131klar\u0131 bir t\u00fcneli imha etti.<\/p>\n<p>SANA\u2019ya a\u00e7\u0131klama yapan askeri bir kaynak; ter\u00f6ristlerin t\u00fcneli, Hav\u015f Fare B\u00f6lgesindeki askeri noktalar\u0131n etraf\u0131na dolanma ve bu noktalara gaddar sald\u0131r\u0131larda bulunma ama\u00e7l\u0131 olarak kaz\u0131d\u0131klar\u0131n\u0131 s\u00f6yledi. Kaynak ayd\u0131nlatma sistemiyle donat\u0131lm\u0131\u015f t\u00fcnelin 200 m uzunlu\u011funda 4 metre derinli\u011finde oldu\u011funu a\u00e7\u0131klarken; bomba ekiplerinin t\u00fcnele patlay\u0131c\u0131 yerle\u015ftirerek imha ettiklerini s\u00f6zlerine ekledi.<\/p>\n<p>https:\/\/www.youtube.com\/watch?v=UqE6gymgEiU<\/p>\n<p>R.H.<\/p>\n","protected":false},"excerpt":{"rendered":"<p>\u015eAM KIRSALI \u2013 Ordu birliklerimiz \u015eam k\u0131rsal\u0131 Do\u011fu \u011euta B\u00f6lgesinde tekfirci ter\u00f6ristlerin kaz\u0131d\u0131klar\u0131 bir t\u00fcneli imha etti. SANA\u2019ya a\u00e7\u0131klama yapan askeri bir kaynak; ter\u00f6ristlerin t\u00fcneli, Hav\u015f Fare B\u00f6lgesindeki askeri noktalar\u0131n etraf\u0131na dolanma ve bu noktalara gaddar sald\u0131r\u0131larda bulunma ama\u00e7l\u0131 olarak kaz\u0131d\u0131klar\u0131n\u0131 s\u00f6yledi. Kaynak ayd\u0131nlatma sistemiyle donat\u0131lm\u0131\u015f t\u00fcnelin 200 m uzunlu\u011funda 4 metre derinli\u011finde oldu\u011funu a\u00e7\u0131klarken; &hellip;<\/p>\n","protected":false},"author":1,"featured_media":56260,"comment_status":"closed","ping_status":"closed","sticky":false,"template":"","format":"standard","meta":{"footnotes":""},"categories":[596,575,17988],"tags":[18249],"class_list":["post-56259","post","type-post","status-publish","format-standard","has-post-thumbnail","","category-fotografli-raporlar","category-olaylar-ve-gercekler","category-son-haberler","tag-teroristlerin-kullandiklari-tunel-imha-edildi-video"],"_links":{"self":[{"href":"https:\/\/archive.sana.sy\/tr\/index.php?rest_route=\/wp\/v2\/posts\/56259","targetHints":{"allow":["GET"]}}],"collection":[{"href":"https:\/\/archive.sana.sy\/tr\/index.php?rest_route=\/wp\/v2\/posts"}],"about":[{"href":"https:\/\/archive.sana.sy\/tr\/index.php?rest_route=\/wp\/v2\/types\/post"}],"author":[{"embeddable":true,"href":"https:\/\/archive.sana.sy\/tr\/index.php?rest_route=\/wp\/v2\/users\/1"}],"replies":[{"embeddable":true,"href":"https:\/\/archive.sana.sy\/tr\/index.php?rest_route=%2Fwp%2Fv2%2Fcomments&post=56259"}],"version-history":[{"count":0,"href":"https:\/\/archive.sana.sy\/tr\/index.php?rest_route=\/wp\/v2\/posts\/56259\/revisions"}],"wp:featuredmedia":[{"embeddable":true,"href":"https:\/\/archive.sana.sy\/tr\/index.php?rest_route=\/wp\/v2\/media\/56260"}],"wp:attachment":[{"href":"https:\/\/archive.sana.sy\/tr\/index.php?rest_route=%2Fwp%2Fv2%2Fmedia&parent=56259"}],"wp:term":[{"taxonomy":"category","embeddable":true,"href":"https:\/\/archive.sana.sy\/tr\/index.php?rest_route=%2Fwp%2Fv2%2Fcategories&post=56259"},{"taxonomy":"post_tag","embeddable":true,"href":"https:\/\/archive.sana.sy\/tr\/index.php?rest_route=%2Fwp%2Fv2%2Ftags&post=56259"}],"curies":[{"name":"wp","href":"https:\/\/api.w.org\/{rel}","templated":true}]}}