{"id":56357,"date":"2015-12-27T13:55:17","date_gmt":"2015-12-27T11:55:17","guid":{"rendered":"http:\/\/www.sana.sy\/tr\/?p=56357"},"modified":"2015-12-27T13:55:17","modified_gmt":"2015-12-27T11:55:17","slug":"suriyenin-tum-gereksinimlerini-karsilamaya-hazir","status":"publish","type":"post","link":"https:\/\/archive.sana.sy\/tr\/?p=56357","title":{"rendered":"Suriye&#8217;nin T\u00fcm Gereksinimlerini Kar\u015f\u0131lamaya Haz\u0131r"},"content":{"rendered":"<p>PEK\u0130N \u2013 Sa\u011fl\u0131k Bakan\u0131 Nizar Yaz\u0131c\u0131 K\u00fcba\u2019n\u0131n, Suriye&#8217;nin t\u00fcm ila\u00e7 gereksinimlerini kar\u015f\u0131lamaya haz\u0131r oldu\u011funu belirtti\u011fini ifade ederken; K\u00fcba\u2019n\u0131n kanser ve kronik hastal\u0131k ila\u00e7lar\u0131n\u0131n yan\u0131 s\u0131ra a\u015f\u0131 \u00fcretimi ve ihracat\u0131nda \u00f6nc\u00fc bir \u00fclke oldu\u011funa dikkat \u00e7ekti.<\/p>\n<p>K\u00fcba\u2019ya bulundu\u011fu ziyaretinin bitiminde SANA\u2019n\u0131n Havana muhabirine a\u00e7\u0131klama yapan Bakan Yaz\u0131c\u0131; K\u00fcbal\u0131 yetkililerin \u00fclkelerine uygulanan kat\u0131 yapt\u0131r\u0131mlar kar\u015f\u0131s\u0131nda K\u00fcba ve halk\u0131n\u0131 destekleyen tutumlar\u0131ndan dolay\u0131 Suriye&#8217;nin t\u00fcm ila\u00e7 ihtiya\u00e7lar\u0131n\u0131 kar\u015f\u0131lamaya haz\u0131r olduklar\u0131n\u0131 belirttiklerini s\u00f6yledi.<\/p>\n<p>Bakan Yaz\u0131c\u0131 ziyaretinde K\u00fcbal\u0131 yetkililerle iki \u00fclke aras\u0131nda ekonomik ili\u015fkileri ve ortak yat\u0131r\u0131m olanaklar\u0131n\u0131 incelediklerini belirtirken kanser ila\u00e7lar\u0131 ve a\u015f\u0131 temini i\u00e7in iki taraf aras\u0131nda anla\u015fma ve mutabakat zapt\u0131 imzaland\u0131\u011f\u0131n\u0131 a\u00e7\u0131klad\u0131. Yaz\u0131c\u0131 iki \u00fclke aras\u0131nda imzalanan anla\u015fma ve yap\u0131lacak ortak yat\u0131r\u0131mlarla Suriye&#8217;nin bu ba\u011flamda t\u00fcm Ortado\u011fu&#8217;nun merkezi olabilece\u011fine dikkat \u00e7ekti.<\/p>\n","protected":false},"excerpt":{"rendered":"<p>PEK\u0130N \u2013 Sa\u011fl\u0131k Bakan\u0131 Nizar Yaz\u0131c\u0131 K\u00fcba\u2019n\u0131n, Suriye&#8217;nin t\u00fcm ila\u00e7 gereksinimlerini kar\u015f\u0131lamaya haz\u0131r oldu\u011funu belirtti\u011fini ifade ederken; K\u00fcba\u2019n\u0131n kanser ve kronik hastal\u0131k ila\u00e7lar\u0131n\u0131n yan\u0131 s\u0131ra a\u015f\u0131 \u00fcretimi ve ihracat\u0131nda \u00f6nc\u00fc bir \u00fclke oldu\u011funa dikkat \u00e7ekti. K\u00fcba\u2019ya bulundu\u011fu ziyaretinin bitiminde SANA\u2019n\u0131n Havana muhabirine a\u00e7\u0131klama yapan Bakan Yaz\u0131c\u0131; K\u00fcbal\u0131 yetkililerin \u00fclkelerine uygulanan kat\u0131 yapt\u0131r\u0131mlar kar\u015f\u0131s\u0131nda K\u00fcba ve &hellip;<\/p>\n","protected":false},"author":1,"featured_media":56365,"comment_status":"closed","ping_status":"closed","sticky":false,"template":"","format":"standard","meta":{"footnotes":""},"categories":[458,485,486,459,17988],"tags":[18253,7129,16895],"class_list":["post-56357","post","type-post","status-publish","format-standard","has-post-thumbnail","","category-dunya1","category-is-ve-sermaye","category-haberler-is-ve-sermaye","category-haberler-arap-uluslararasi-politika","category-son-haberler","tag-ilac","tag-kuba","tag-saglik-bakani-nizar-yazici"],"_links":{"self":[{"href":"https:\/\/archive.sana.sy\/tr\/index.php?rest_route=\/wp\/v2\/posts\/56357","targetHints":{"allow":["GET"]}}],"collection":[{"href":"https:\/\/archive.sana.sy\/tr\/index.php?rest_route=\/wp\/v2\/posts"}],"about":[{"href":"https:\/\/archive.sana.sy\/tr\/index.php?rest_route=\/wp\/v2\/types\/post"}],"author":[{"embeddable":true,"href":"https:\/\/archive.sana.sy\/tr\/index.php?rest_route=\/wp\/v2\/users\/1"}],"replies":[{"embeddable":true,"href":"https:\/\/archive.sana.sy\/tr\/index.php?rest_route=%2Fwp%2Fv2%2Fcomments&post=56357"}],"version-history":[{"count":0,"href":"https:\/\/archive.sana.sy\/tr\/index.php?rest_route=\/wp\/v2\/posts\/56357\/revisions"}],"wp:featuredmedia":[{"embeddable":true,"href":"https:\/\/archive.sana.sy\/tr\/index.php?rest_route=\/wp\/v2\/media\/56365"}],"wp:attachment":[{"href":"https:\/\/archive.sana.sy\/tr\/index.php?rest_route=%2Fwp%2Fv2%2Fmedia&parent=56357"}],"wp:term":[{"taxonomy":"category","embeddable":true,"href":"https:\/\/archive.sana.sy\/tr\/index.php?rest_route=%2Fwp%2Fv2%2Fcategories&post=56357"},{"taxonomy":"post_tag","embeddable":true,"href":"https:\/\/archive.sana.sy\/tr\/index.php?rest_route=%2Fwp%2Fv2%2Ftags&post=56357"}],"curies":[{"name":"wp","href":"https:\/\/api.w.org\/{rel}","templated":true}]}}