{"id":56374,"date":"2015-12-27T15:18:00","date_gmt":"2015-12-27T13:18:00","guid":{"rendered":"http:\/\/www.sana.sy\/tr\/?p=56374"},"modified":"2015-12-29T15:54:32","modified_gmt":"2015-12-29T13:54:32","slug":"suriyeyi-zayiflatmak-muslumanlarin-cikarlarina-aykiridir","status":"publish","type":"post","link":"https:\/\/archive.sana.sy\/tr\/?p=56374","title":{"rendered":"Suriye&#8217;yi Zay\u0131flatmak M\u00fcsl\u00fcmanlar\u0131n \u00c7\u0131karlar\u0131na Ayk\u0131r\u0131d\u0131r"},"content":{"rendered":"<p>TAHRAN \u2013 29. \u0130slami Birlik Konferans\u0131 bug\u00fcn sabah saatlerinde \u0130ran\u2019\u0131n ba\u015fkenti Tahran\u2019da \u2018\u0130slam Aleminin Kar\u015f\u0131la\u015ft\u0131\u011f\u0131 Zorluklar\u2019 slogan\u0131 alt\u0131nda Suriye Cumhuriyet M\u00fcft\u00fcs\u00fc Ahmet Bedrettin Hassun ve Suriye&#8217;nin Tahran b\u00fcy\u00fckel\u00e7isinin kat\u0131l\u0131m\u0131yla \u00e7al\u0131\u015fmalar\u0131na ba\u015flad\u0131.<\/p>\n<p><img loading=\"lazy\" decoding=\"async\" class=\"alignright wp-image-56381 size-medium\" src=\"http:\/\/www.sana.sy\/tr\/wp-content\/uploads\/2015\/12\/3-19-300x159.jpg\" alt=\"3\" width=\"300\" height=\"159\" srcset=\"https:\/\/archive.sana.sy\/tr\/wp-content\/uploads\/2015\/12\/3-19-300x159.jpg 300w, https:\/\/archive.sana.sy\/tr\/wp-content\/uploads\/2015\/12\/3-19-150x80.jpg 150w, https:\/\/archive.sana.sy\/tr\/wp-content\/uploads\/2015\/12\/3-19-310x165.jpg 310w, https:\/\/archive.sana.sy\/tr\/wp-content\/uploads\/2015\/12\/3-19.jpg 500w\" sizes=\"auto, (max-width: 300px) 100vw, 300px\" \/>70 \u00fclkeden heyetlerin kat\u0131ld\u0131\u011f\u0131 konferans a\u00e7\u0131l\u0131\u015f\u0131nda konu\u015fan \u0130ran Cumhurba\u015fkan\u0131 Hasan Ruhani; direni\u015f ekseninde yer alan, siyonist \u0130srail ve bat\u0131l\u0131lar\u0131n s\u00f6m\u00fcr\u00fc planlar\u0131na kar\u015f\u0131 fedakar bir m\u00fccadele veren Suriye&#8217;yi zay\u0131flatman\u0131n kesinlikle M\u00fcsl\u00fcmanlar\u0131n \u00e7\u0131karlar\u0131na hizmet etmedi\u011fini, bu \u00e7\u0131karlara ayk\u0131r\u0131 d\u00fc\u015ft\u00fc\u011f\u00fcn\u00fc belirtti. Ruhani Suriye&#8217;yi zay\u0131flatman\u0131n kom\u015fu devletlerin de \u00e7\u0131karlar\u0131na ayk\u0131r\u0131 oldu\u011funa dikkat \u00e7ekerken, d\u0131\u015f g\u00fc\u00e7lerin destekledikleri ter\u00f6r \u00e7etelerinin eylemleri nedeniyle Suriye&#8217;deki altyap\u0131n\u0131n sabote edildi\u011fine i\u015faret etti.<\/p>\n<p>Suriye&#8217;de petrol, tarihi eser ve Suriye halk\u0131n\u0131n t\u00fcm servetini ya\u011fmalay\u0131p \u00e7alan ve bunlar\u0131n kar\u015f\u0131l\u0131\u011f\u0131nda ter\u00f6r eylemlerini finanse etmek i\u00e7in para sa\u011flayan ter\u00f6ristlere yard\u0131m ve destek veren taraflar\u0131 ele\u015ftiren Ruhani; kimi devletlerin destekledikleri I\u015e\u0130D ve di\u011fer ter\u00f6r \u00f6rg\u00fctleri nedeniyle Filistin davas\u0131 ve b\u00f6lgenin as\u0131l d\u00fc\u015fman\u0131n\u0131n \u0130srail\u2019in unutuldu\u011funa dikkat \u00e7ekti.<\/p>\n<p>\u0130ran Cumhurba\u015fkan\u0131 Ruhani bat\u0131l\u0131 devletlerden sat\u0131n al\u0131nan silah ve f\u00fczelerin hacmine i\u015faret ederek, bunun i\u00e7in \u00f6denen paralar\u0131n b\u00f6lge halklar\u0131n\u0131 kalk\u0131nd\u0131rmak ve fakirlerin ihtiya\u00e7lar\u0131n\u0131n kar\u015f\u0131lanmas\u0131na harcanmas\u0131 durumunda nelerin de\u011fi\u015febilece\u011fine vurgu yapt\u0131.<\/p>\n<p><span style=\"color: #0000ff\">Be\u015f Y\u0131l S\u00fcren Sava\u015f Ard\u0131ndan Suriye D\u00fc\u015fmanlar\u0131na Kar\u015f\u0131 Egemenli\u011fini Dayatt\u0131<\/span><\/p>\n<p><img loading=\"lazy\" decoding=\"async\" class=\"alignright wp-image-56378 \" src=\"http:\/\/www.sana.sy\/tr\/wp-content\/uploads\/2015\/12\/1-36-300x199.jpg\" alt=\"1\" width=\"268\" height=\"178\" srcset=\"https:\/\/archive.sana.sy\/tr\/wp-content\/uploads\/2015\/12\/1-36-300x199.jpg 300w, https:\/\/archive.sana.sy\/tr\/wp-content\/uploads\/2015\/12\/1-36-150x99.jpg 150w, https:\/\/archive.sana.sy\/tr\/wp-content\/uploads\/2015\/12\/1-36-310x205.jpg 310w, https:\/\/archive.sana.sy\/tr\/wp-content\/uploads\/2015\/12\/1-36.jpg 500w\" sizes=\"auto, (max-width: 268px) 100vw, 268px\" \/>Konferansta konu\u015fan Cumhuriyet Ba\u015f M\u00fcft\u00fcs\u00fc Hassun; Suriye&#8217;nin be\u015f y\u0131la yak\u0131n s\u00fcredir onurlu bir \u015fekilde m\u00fccadele etti\u011fi sava\u015fta egemenlik ve onurunu d\u00fc\u015fmanlar\u0131na kar\u015f\u0131 dayatmay\u0131 ba\u015fard\u0131\u011f\u0131n\u0131 belirtti.<\/p>\n<p>Hassun G\u00fcvenlik Konseyinin birka\u00e7 g\u00fcn \u00f6nce ald\u0131\u011f\u0131 kararda; Suriye&#8217;de y\u00f6netim ve halk\u0131n gelece\u011finin ABD ya da ona tabi i\u015fbirlik\u00e7i rejimler taraf\u0131ndan de\u011fil de sadece ve sadece Suriye halk\u0131 taraf\u0131ndan belirlenece\u011fine vurgu yapt\u0131\u011f\u0131n\u0131n alt\u0131n\u0131 \u00e7izdi.<\/p>\n<p>Suriye&#8217;nin her daim ABD dayatmalar\u0131n\u0131 reddetti\u011fini ve bu y\u00fczden tekfirci ter\u00f6ristlerin edat olarak kullan\u0131ld\u0131\u011f\u0131 bu sava\u015fa maruz kald\u0131\u011f\u0131n\u0131 belirten Hassun; Suriye&#8217;de kad\u0131n, ya\u015fl\u0131, \u00e7ocuk yada din adam\u0131 demeden savunmas\u0131z insanlar\u0131 vah\u015fice katleden ter\u00f6ristlerin Suudi Arabistan ve T\u00fcrkiye\u2019de \u2018muhalifler\u2019 olarak faaliyet g\u00f6sterip destek ald\u0131klar\u0131na dikkat \u00e7ekti.<\/p>\n<p><img loading=\"lazy\" decoding=\"async\" class=\"alignright wp-image-56379 \" src=\"http:\/\/www.sana.sy\/tr\/wp-content\/uploads\/2015\/12\/4-15-300x215.jpg\" alt=\"4\" width=\"211\" height=\"151\" srcset=\"https:\/\/archive.sana.sy\/tr\/wp-content\/uploads\/2015\/12\/4-15-300x215.jpg 300w, https:\/\/archive.sana.sy\/tr\/wp-content\/uploads\/2015\/12\/4-15-150x107.jpg 150w, https:\/\/archive.sana.sy\/tr\/wp-content\/uploads\/2015\/12\/4-15.jpg 500w\" sizes=\"auto, (max-width: 211px) 100vw, 211px\" \/>M\u00fcft\u00fc Hassun konu\u015fmas\u0131nda konferans\u0131n bir sonraki devresinin Suriye&#8217;de d\u00fczenlenmesine \u00e7a\u011f\u0131r\u0131rken; siyonist \u0130srail ile ili\u015fkileri olan t\u00fcm M\u00fcsl\u00fcman devletleri bu ili\u015fkilerini kesmeye \u00e7a\u011f\u0131rd\u0131.<\/p>\n<p>Konferans kat\u0131l\u0131mc\u0131lar\u0131 M\u00fcft\u00fc Hassun\u2019un imaml\u0131\u011f\u0131nda Tahran\u2019da bir camide namaz k\u0131ld\u0131lar.<\/p>\n","protected":false},"excerpt":{"rendered":"<p>TAHRAN \u2013 29. \u0130slami Birlik Konferans\u0131 bug\u00fcn sabah saatlerinde \u0130ran\u2019\u0131n ba\u015fkenti Tahran\u2019da \u2018\u0130slam Aleminin Kar\u015f\u0131la\u015ft\u0131\u011f\u0131 Zorluklar\u2019 slogan\u0131 alt\u0131nda Suriye Cumhuriyet M\u00fcft\u00fcs\u00fc Ahmet Bedrettin Hassun ve Suriye&#8217;nin Tahran b\u00fcy\u00fckel\u00e7isinin kat\u0131l\u0131m\u0131yla \u00e7al\u0131\u015fmalar\u0131na ba\u015flad\u0131. 70 \u00fclkeden heyetlerin kat\u0131ld\u0131\u011f\u0131 konferans a\u00e7\u0131l\u0131\u015f\u0131nda konu\u015fan \u0130ran Cumhurba\u015fkan\u0131 Hasan Ruhani; direni\u015f ekseninde yer alan, siyonist \u0130srail ve bat\u0131l\u0131lar\u0131n s\u00f6m\u00fcr\u00fc planlar\u0131na kar\u015f\u0131 fedakar bir &hellip;<\/p>\n","protected":false},"author":1,"featured_media":56380,"comment_status":"closed","ping_status":"closed","sticky":false,"template":"","format":"standard","meta":{"footnotes":""},"categories":[458,459,17988],"tags":[18259,18260,16820],"class_list":["post-56374","post","type-post","status-publish","format-standard","has-post-thumbnail","","category-dunya1","category-haberler-arap-uluslararasi-politika","category-son-haberler","tag-27-islami-birlik-konferansi","tag-cumhuriyet-muftusu-ahmet-bedrettin-hassun","tag-iran-cumhurbaskani-hasan-ruhani"],"_links":{"self":[{"href":"https:\/\/archive.sana.sy\/tr\/index.php?rest_route=\/wp\/v2\/posts\/56374","targetHints":{"allow":["GET"]}}],"collection":[{"href":"https:\/\/archive.sana.sy\/tr\/index.php?rest_route=\/wp\/v2\/posts"}],"about":[{"href":"https:\/\/archive.sana.sy\/tr\/index.php?rest_route=\/wp\/v2\/types\/post"}],"author":[{"embeddable":true,"href":"https:\/\/archive.sana.sy\/tr\/index.php?rest_route=\/wp\/v2\/users\/1"}],"replies":[{"embeddable":true,"href":"https:\/\/archive.sana.sy\/tr\/index.php?rest_route=%2Fwp%2Fv2%2Fcomments&post=56374"}],"version-history":[{"count":0,"href":"https:\/\/archive.sana.sy\/tr\/index.php?rest_route=\/wp\/v2\/posts\/56374\/revisions"}],"wp:featuredmedia":[{"embeddable":true,"href":"https:\/\/archive.sana.sy\/tr\/index.php?rest_route=\/wp\/v2\/media\/56380"}],"wp:attachment":[{"href":"https:\/\/archive.sana.sy\/tr\/index.php?rest_route=%2Fwp%2Fv2%2Fmedia&parent=56374"}],"wp:term":[{"taxonomy":"category","embeddable":true,"href":"https:\/\/archive.sana.sy\/tr\/index.php?rest_route=%2Fwp%2Fv2%2Fcategories&post=56374"},{"taxonomy":"post_tag","embeddable":true,"href":"https:\/\/archive.sana.sy\/tr\/index.php?rest_route=%2Fwp%2Fv2%2Ftags&post=56374"}],"curies":[{"name":"wp","href":"https:\/\/api.w.org\/{rel}","templated":true}]}}