{"id":56383,"date":"2015-12-27T15:49:37","date_gmt":"2015-12-27T13:49:37","guid":{"rendered":"http:\/\/www.sana.sy\/tr\/?p=56383"},"modified":"2015-12-28T16:36:09","modified_gmt":"2015-12-28T14:36:09","slug":"teroristler-agir-kayiplarini-itiraf-etti","status":"publish","type":"post","link":"https:\/\/archive.sana.sy\/tr\/?p=56383","title":{"rendered":"Ter\u00f6ristler A\u011f\u0131r Kay\u0131plar\u0131n\u0131 \u0130tiraf Etti ( video )"},"content":{"rendered":"<p>\u0130LLER \u2013 Vatan koruyucular\u0131 ordu birliklerimiz \u00e7okuluslu tekfirci ve vatan haini ter\u00f6ristleri cephane ve saha komutanlar\u0131yla a\u011f\u0131r kay\u0131plara u\u011fratmaya devam ederken bug\u00fcn de kontrolleri alt\u0131ndaki b\u00f6lgeleri geni\u015fletti.<\/p>\n<p><span style=\"color: #0000ff\">\u0130DL\u0130B:<\/span><\/p>\n<p>\u0130dlib ve k\u0131rsal\u0131nda Suudi rejiminin finans\u0131 ve T\u00fcrkiye rejiminin destek ve komutas\u0131nda ter\u00f6r estiren tekfirci \u00f6rg\u00fctlere kar\u015f\u0131 operasyonlar\u0131 kapsam\u0131nda hava g\u00fc\u00e7lerimiz Muarratennuman k\u0131rsal\u0131n\u0131n Cercanaz K\u00f6y\u00fcnde Nusra Cephesinin toplanma yerleri ve karargahlar\u0131n\u0131 imha etti.<\/p>\n<p>Askeri kaynak onlarca tekfirci ter\u00f6ristin topland\u0131\u011f\u0131 y\u00f6n\u00fcnde dakik bilgiler \u00fczerine ger\u00e7ekle\u015fen operasyonda aralar\u0131nda Nusra Cephesinin bariz komutanlar\u0131ndan \u2018Ebu el Bera kod adl\u0131 Muhammed Halit el \u015eeyh ve daha ba\u015fka tehlikeli isimlerin bulundu\u011fu onlarca ter\u00f6ristin \u00f6ld\u00fcr\u00fcld\u00fc\u011f\u00fcn\u00fc belirtti.<\/p>\n<p><span style=\"color: #0000ff\">HALEP:<\/span><\/p>\n<p>Halep ve k\u0131rsal\u0131nda yine Suudi ve T\u00fcrkiye rejiminin destek ve komutas\u0131nda faaliyet g\u00f6steren tekfirci ter\u00f6ristlere y\u00f6nelik operasyonlar\u0131nda ise ordu birliklerimiz il k\u0131rsal\u0131n\u0131n kuzeyi Tel Cbin, Tel Msaybin, \u015euveyhina, \u015eemmaviye ve Maret Artik k\u00f6ylerinde toplanma yerleri ve ikmal hatlar\u0131n\u0131 yo\u011fun ate\u015fe tuttu. Saha kaynaklar\u0131 bu operasyonlarda aralar\u0131nda yabanc\u0131 ve bariz isimlerin bulundu\u011fu onlarca ter\u00f6ristin \u00f6ld\u00fcr\u00fcld\u00fc\u011f\u00fcn\u00fc, bir k\u0131sm\u0131 a\u011f\u0131r silahlarla donat\u0131lm\u0131\u015f cephane ve ter\u00f6rist ta\u015f\u0131yan bir\u00e7ok arac\u0131n\u0131n da imha edildi\u011fini belirtti.<\/p>\n<p>Ter\u00f6r \u00e7eteleri ordu birliklerimiz kar\u015f\u0131s\u0131nda olduk\u00e7a b\u00fcy\u00fck kay\u0131plar verdiklerini itiraf ederlerken, \u00f6len y\u00fcksek say\u0131da ter\u00f6ristin aras\u0131nda Nusra Cephesi komutanlar\u0131ndan Suudi Arabistanl\u0131 \u2018Tavvak\u2019 kod adl\u0131 \u2018Ebu el M\u00fcsenna el Medeni\u2019nin bulundu\u011funu belirtti.<\/p>\n<p>Bu arada askeri kaynak ordu birliklerimizin Halep Kentinin Helvaniye Semtinde yine Erdo\u011fan rejimi destekli \u00e7ok say\u0131da ter\u00f6risti ekipmanlar\u0131yla birlikte etkisizle\u015ftirdiklerini s\u00f6yledi.<\/p>\n<p>Halep k\u0131rsal\u0131n\u0131n do\u011fusunda ise ordu birliklerimiz Resm el keme B\u00f6lgesinde I\u015e\u0130D\u2019e ait bir\u00e7ok arac\u0131 imha ederken \u00e7ok say\u0131da ter\u00f6risti \u00f6l\u00fc yaral\u0131 d\u00fc\u015f\u00fcrd\u00fc.<\/p>\n<p>Ordu birliklerimiz d\u00fcn Halep Kentinin 50 km do\u011fusuna d\u00fc\u015fen Cruf ve tel \u015ereie k\u00f6ylerini tekfircilerden temizleyip kontrol\u00fcne ge\u00e7irmi\u015flerdi.<\/p>\n<p><span style=\"color: #0000ff\">DERA:<\/span><\/p>\n<p>Bu arada Dera\u2019da askeri bir kaynak; \u0130srail destekli Nusra Cephesi ve \u00e7at\u0131s\u0131 alt\u0131ndaki di\u011fer ter\u00f6r \u00f6rg\u00fctlere y\u00f6nelik operasyonlar\u0131 kapsam\u0131nda ordu birliklerimizin Dera Beled, Dera Mahatta ve Nazihin b\u00f6lgelerinde tekfircilerin karargah ve ara\u00e7lar\u0131n\u0131 imha ederek onlarca ter\u00f6risti \u00f6l\u00fc yaral\u0131 d\u00fc\u015f\u00fcrd\u00fcklerini belirtti.<\/p>\n<p>Kaynak ordu birliklerimizin Dera k\u0131rsal\u0131n\u0131n kuzeybat\u0131s\u0131 Kefar \u015eems Beldesi yak\u0131nlar\u0131ndaki tavuk \u00e7iftliklerinde \u2018Furkan T\u00fcmenleri\u2019 ve \u2018M\u00fcsenna \u0130slami Hareketi\u2019 tekfircilerinin askeri noktalara sald\u0131r\u0131 amac\u0131yla kulland\u0131klar\u0131 iki yuvaya bomba d\u00fczenekleri yerle\u015ftirerek i\u00e7indeki t\u00fcm ter\u00f6ristler ve cephaneyle birlikte havaya u\u00e7urduklar\u0131n\u0131 aktard\u0131.<\/p>\n<p>Ter\u00f6ristler Kefar \u015eems Beldesinde ger\u00e7ekle\u015fen nitelikli operasyonda 17 ter\u00f6ristin \u00f6ld\u00fc\u011f\u00fcn\u00fc itiraf etti.<\/p>\n<p>https:\/\/www.youtube.com\/watch?v=3CDZ2kslHwI<\/p>\n<p>R.H.<\/p>\n","protected":false},"excerpt":{"rendered":"<p>\u0130LLER \u2013 Vatan koruyucular\u0131 ordu birliklerimiz \u00e7okuluslu tekfirci ve vatan haini ter\u00f6ristleri cephane ve saha komutanlar\u0131yla a\u011f\u0131r kay\u0131plara u\u011fratmaya devam ederken bug\u00fcn de kontrolleri alt\u0131ndaki b\u00f6lgeleri geni\u015fletti. \u0130DL\u0130B: \u0130dlib ve k\u0131rsal\u0131nda Suudi rejiminin finans\u0131 ve T\u00fcrkiye rejiminin destek ve komutas\u0131nda ter\u00f6r estiren tekfirci \u00f6rg\u00fctlere kar\u015f\u0131 operasyonlar\u0131 kapsam\u0131nda hava g\u00fc\u00e7lerimiz Muarratennuman k\u0131rsal\u0131n\u0131n Cercanaz K\u00f6y\u00fcnde Nusra Cephesinin &hellip;<\/p>\n","protected":false},"author":1,"featured_media":56384,"comment_status":"closed","ping_status":"closed","sticky":false,"template":"","format":"standard","meta":{"footnotes":""},"categories":[575],"tags":[3464,18237,2318,2695,17320,2930],"class_list":["post-56383","post","type-post","status-publish","format-standard","has-post-thumbnail","","category-olaylar-ve-gercekler","tag-nusra-cephesi","tag-cihatcilar","tag-isid","tag-ordu-birliklerimiz","tag-tekfirciler","tag-teroristler"],"_links":{"self":[{"href":"https:\/\/archive.sana.sy\/tr\/index.php?rest_route=\/wp\/v2\/posts\/56383","targetHints":{"allow":["GET"]}}],"collection":[{"href":"https:\/\/archive.sana.sy\/tr\/index.php?rest_route=\/wp\/v2\/posts"}],"about":[{"href":"https:\/\/archive.sana.sy\/tr\/index.php?rest_route=\/wp\/v2\/types\/post"}],"author":[{"embeddable":true,"href":"https:\/\/archive.sana.sy\/tr\/index.php?rest_route=\/wp\/v2\/users\/1"}],"replies":[{"embeddable":true,"href":"https:\/\/archive.sana.sy\/tr\/index.php?rest_route=%2Fwp%2Fv2%2Fcomments&post=56383"}],"version-history":[{"count":0,"href":"https:\/\/archive.sana.sy\/tr\/index.php?rest_route=\/wp\/v2\/posts\/56383\/revisions"}],"wp:featuredmedia":[{"embeddable":true,"href":"https:\/\/archive.sana.sy\/tr\/index.php?rest_route=\/wp\/v2\/media\/56384"}],"wp:attachment":[{"href":"https:\/\/archive.sana.sy\/tr\/index.php?rest_route=%2Fwp%2Fv2%2Fmedia&parent=56383"}],"wp:term":[{"taxonomy":"category","embeddable":true,"href":"https:\/\/archive.sana.sy\/tr\/index.php?rest_route=%2Fwp%2Fv2%2Fcategories&post=56383"},{"taxonomy":"post_tag","embeddable":true,"href":"https:\/\/archive.sana.sy\/tr\/index.php?rest_route=%2Fwp%2Fv2%2Ftags&post=56383"}],"curies":[{"name":"wp","href":"https:\/\/api.w.org\/{rel}","templated":true}]}}