{"id":56387,"date":"2015-12-28T08:54:48","date_gmt":"2015-12-28T06:54:48","guid":{"rendered":"http:\/\/www.sana.sy\/tr\/?p=56387"},"modified":"2015-12-29T15:53:36","modified_gmt":"2015-12-29T13:53:36","slug":"nasrullah-sehit-kantar-ile-ilgili-misilleme-kacinilmazdir","status":"publish","type":"post","link":"https:\/\/archive.sana.sy\/tr\/?p=56387","title":{"rendered":"Nasrullah: \u015eehit Kuntar \u0130le \u0130lgili Misilleme Ka\u00e7\u0131n\u0131lmazd\u0131r"},"content":{"rendered":"<p>BEYRUT \u2013 L\u00fcbnan Hizbullah Partisi Genel Sekreteri Hasan Nasrullah; \u0130srail ile s\u00fcren a\u00e7\u0131k sava\u015f\u0131n bir g\u00fcn bile kapanmayaca\u011f\u0131n\u0131 ifade ederek Direni\u015f \u015eehidi Semir el Kuntar ile ilgili misillemenin er ya da ge\u00e7e ka\u00e7\u0131n\u0131lmaz oldu\u011funun alt\u0131n\u0131 \u00e7izdi.<\/p>\n<p>\u015eehit Kuntar\u2019\u0131n yedinci g\u00fcn anma t\u00f6reninde bir konu\u015fma yapan Nasrullah; Siyonistlerin s\u0131n\u0131r b\u00f6lgelerinde, \u00fclkelerinde ve \u00fclkelerinin d\u0131\u015f\u0131nda bulunduklar\u0131 her yerde korkmalar\u0131 gerekti\u011fine i\u015faret ederek L\u00fcbnan direni\u015finin ba\u015flad\u0131\u011f\u0131 ilk g\u00fcnden bug\u00fcne kadar tek bir direni\u015f\u00e7inin kan\u0131n\u0131 heder etmeme ahdine sad\u0131k kald\u0131\u011f\u0131n\u0131 ve kalaca\u011f\u0131n\u0131 vurgulad\u0131.<\/p>\n<p>\u0130\u015fgalci \u0130srail olu\u015fumu hapishanelerinde 30 y\u0131l\u0131n\u0131 ge\u00e7iren \u015eehit Kuntar\u2019\u0131n vatan\u0131na, halk\u0131na ve direni\u015fine ba\u011fl\u0131l\u0131\u011f\u0131n bir sembol\u00fc haline geldi\u011fini dile getiren Nasrullah; hapishaneden \u00e7\u0131kt\u0131ktan sonra hi\u00e7 ara vermeden direni\u015fi s\u00fcrd\u00fcrd\u00fc\u011f\u00fcn\u00fc ve davas\u0131 u\u011fruna hi\u00e7bir fedak\u00e2rl\u0131ktan ka\u00e7\u0131nmad\u0131\u011f\u0131na dikkat \u00e7ekerek direni\u015f \u00e7izgisinin sorumluluk ve kararl\u0131l\u0131k ile somutlanan bu ruh hali sayesinde zafere ula\u015faca\u011f\u0131n\u0131n alt\u0131n\u0131 \u00e7izdi.<\/p>\n<p>\u015eehit Kuntar\u2019\u0131n \u201c\u0130srail\u201din er ya da ge\u00e7 hezimete u\u011frat\u0131laca\u011f\u0131ndan biran bile \u015f\u00fcphe duymad\u0131\u011f\u0131na de\u011finen Nasrullah; \u0130srail olu\u015fumunun Filistin halk\u0131 ve b\u00fct\u00fcn b\u00f6lge halklar\u0131n\u0131n i\u015fgale kar\u015f\u0131 nihai zafer inanc\u0131n\u0131 yitirmesi i\u00e7in asimilasyon ve yozla\u015ft\u0131rma ama\u00e7l\u0131 devasa kampanyalar d\u00fczenledi\u011fini ancak Kuntar gibi \u015fehitlerin \u015fehitli\u011fine kadar verdi\u011fi m\u00fccadele sayesinde \u015fehitli\u011finden sonra da direni\u015fin bir me\u015falesi olup bu kampanyalar\u0131 sonu\u00e7suz b\u0131rakaca\u011f\u0131n\u0131 vurgulad\u0131.<\/p>\n<p>Konu\u015fmas\u0131n\u0131 \u0130slam ve H\u0131ristiyan aleminin, Hz. Muhammed\u2019in Kutsal Do\u011fum G\u00fcn\u00fc ve Noel bayramlar\u0131n\u0131 kutlayarak konu\u015fmas\u0131n\u0131 noktalayan Nasrullah; M\u00fcsl\u00fcmanlar ve H\u0131ristiyanlar\u0131n bu topraklarda karde\u015f\u00e7e ya\u015fayarak bayram sevin\u00e7lerini payla\u015ft\u0131klar\u0131n\u0131 ve ya\u015fanmakta olan b\u00fct\u00fcn ac\u0131lara ra\u011fmen bayram sevincini ya\u015famaya ve ya\u015fatmaya b\u00fcy\u00fck bir \u00f6nem verdiklerini vurgulad\u0131.<\/p>\n<p>R.H.<\/p>\n","protected":false},"excerpt":{"rendered":"<p>BEYRUT \u2013 L\u00fcbnan Hizbullah Partisi Genel Sekreteri Hasan Nasrullah; \u0130srail ile s\u00fcren a\u00e7\u0131k sava\u015f\u0131n bir g\u00fcn bile kapanmayaca\u011f\u0131n\u0131 ifade ederek Direni\u015f \u015eehidi Semir el Kuntar ile ilgili misillemenin er ya da ge\u00e7e ka\u00e7\u0131n\u0131lmaz oldu\u011funun alt\u0131n\u0131 \u00e7izdi. \u015eehit Kuntar\u2019\u0131n yedinci g\u00fcn anma t\u00f6reninde bir konu\u015fma yapan Nasrullah; Siyonistlerin s\u0131n\u0131r b\u00f6lgelerinde, \u00fclkelerinde ve \u00fclkelerinin d\u0131\u015f\u0131nda bulunduklar\u0131 her &hellip;<\/p>\n","protected":false},"author":1,"featured_media":56388,"comment_status":"closed","ping_status":"closed","sticky":false,"template":"","format":"standard","meta":{"footnotes":""},"categories":[458,459,17988],"tags":[18263],"class_list":["post-56387","post","type-post","status-publish","format-standard","has-post-thumbnail","","category-dunya1","category-haberler-arap-uluslararasi-politika","category-son-haberler","tag-nasrullah-sehit-kuntar-ile-ilgili-misilleme-kacinilmazdir"],"_links":{"self":[{"href":"https:\/\/archive.sana.sy\/tr\/index.php?rest_route=\/wp\/v2\/posts\/56387","targetHints":{"allow":["GET"]}}],"collection":[{"href":"https:\/\/archive.sana.sy\/tr\/index.php?rest_route=\/wp\/v2\/posts"}],"about":[{"href":"https:\/\/archive.sana.sy\/tr\/index.php?rest_route=\/wp\/v2\/types\/post"}],"author":[{"embeddable":true,"href":"https:\/\/archive.sana.sy\/tr\/index.php?rest_route=\/wp\/v2\/users\/1"}],"replies":[{"embeddable":true,"href":"https:\/\/archive.sana.sy\/tr\/index.php?rest_route=%2Fwp%2Fv2%2Fcomments&post=56387"}],"version-history":[{"count":0,"href":"https:\/\/archive.sana.sy\/tr\/index.php?rest_route=\/wp\/v2\/posts\/56387\/revisions"}],"wp:featuredmedia":[{"embeddable":true,"href":"https:\/\/archive.sana.sy\/tr\/index.php?rest_route=\/wp\/v2\/media\/56388"}],"wp:attachment":[{"href":"https:\/\/archive.sana.sy\/tr\/index.php?rest_route=%2Fwp%2Fv2%2Fmedia&parent=56387"}],"wp:term":[{"taxonomy":"category","embeddable":true,"href":"https:\/\/archive.sana.sy\/tr\/index.php?rest_route=%2Fwp%2Fv2%2Fcategories&post=56387"},{"taxonomy":"post_tag","embeddable":true,"href":"https:\/\/archive.sana.sy\/tr\/index.php?rest_route=%2Fwp%2Fv2%2Ftags&post=56387"}],"curies":[{"name":"wp","href":"https:\/\/api.w.org\/{rel}","templated":true}]}}