{"id":56390,"date":"2015-12-28T08:30:07","date_gmt":"2015-12-28T06:30:07","guid":{"rendered":"http:\/\/www.sana.sy\/tr\/?p=56390"},"modified":"2015-12-28T09:09:54","modified_gmt":"2015-12-28T07:09:54","slug":"sear-uyusturucu-ile-mucadele-genc-nesillerin-bilinclendirilmesiyle-basariya-ulasir","status":"publish","type":"post","link":"https:\/\/archive.sana.sy\/tr\/?p=56390","title":{"rendered":"\u015eear: Uyu\u015fturucu \u0130le M\u00fccadele Gen\u00e7 Nesillerin Bilin\u00e7lendirilmesiyle Ba\u015far\u0131ya Ula\u015f\u0131r"},"content":{"rendered":"<p>\u015eAM \u2013 \u0130\u00e7i\u015fleri Bakan\u0131 ve Uyu\u015fturucu \u0130le M\u00fccadele Komisyonu Ba\u015fkan\u0131 Muhammed el \u015eear; ya\u015fanmakta olan kriz ko\u015fullar\u0131nda uyu\u015fturucu y\u0131lan\u0131 ile m\u00fccadele i\u00e7in gerekli b\u00fct\u00fcn \u00e7aban\u0131n harcanmas\u0131 gere\u011fine i\u015faret ederek Suriye devletini vurmaya \u00e7al\u0131\u015fan ter\u00f6r\u00fcn uyu\u015fturucu ile Suriye toplumunu da hedef ald\u0131\u011f\u0131n\u0131n alt\u0131n\u0131 \u00e7izdi.<\/p>\n<p>Uyu\u015fturucu \u0130le M\u00fccadele Komisyonunun d\u00fcn d\u00fczenledi\u011fi toplant\u0131da bir konu\u015fma yapan \u015eear; silahl\u0131 ter\u00f6r gruplar\u0131n\u0131n g\u00fc\u00e7l\u00fc oldu\u011fu kimi b\u00f6lgelerin uyu\u015fturucu kullan\u0131m\u0131n\u0131n yayg\u0131nla\u015fmas\u0131 i\u00e7in uygun zemini te\u015fkil etti\u011fine dikkat \u00e7ekerek s\u0131n\u0131r b\u00f6lgelerinden \u00fclkeye sokulan uyu\u015fturucunun silahl\u0131 ter\u00f6r gruplar\u0131 i\u00e7in bir gelir kayna\u011f\u0131 te\u015fkil etmesinin yan\u0131 s\u0131ra Suriye toplumunu yozla\u015ft\u0131rmak ve par\u00e7alamak i\u00e7in bir ara\u00e7 olarak kulland\u0131klar\u0131n\u0131n alt\u0131n\u0131 \u00e7izdi.<\/p>\n<p>Suriye\u2019nin, uyu\u015fturucu \u00fcretimi yapan \u00fclkelerle t\u00fcketici \u00fclkeler aras\u0131nda bir s\u0131n\u0131r te\u015fkil eden co\u011frafi konumu itibariyle uyu\u015fturucuyla m\u00fccadele konusunda her zaman teyakkuz halinde olmas\u0131 gerekti\u011fini ifade eden \u015eear; i\u00e7i\u015fleri bakanl\u0131\u011f\u0131n\u0131n bug\u00fcne kadar d\u00fczenledi\u011fi operasyonlarla \u00e7ok say\u0131da uyu\u015fturucu ka\u00e7\u0131rma giri\u015fimini \u00e7\u00f6kertti\u011fini ibraz etti.<\/p>\n<p>Uyu\u015fturucu ile m\u00fccadelenin sadece d\u00fczenlenen operasyonlar d\u00fczeyinde kalmamas\u0131 gere\u011fini dile getiren \u015eear; uyu\u015fturucu ile m\u00fccadelenin as\u0131l olarak gen\u00e7 nesillerin uyu\u015fturucuya kar\u015f\u0131 bilin\u00e7lendirilmesi ile ba\u015far\u0131ya ula\u015fmas\u0131n\u0131n m\u00fcmk\u00fcn olaca\u011f\u0131n\u0131 vurgulad\u0131.<\/p>\n<p>F.B. &#8211; R.H.<\/p>\n","protected":false},"excerpt":{"rendered":"<p>\u015eAM \u2013 \u0130\u00e7i\u015fleri Bakan\u0131 ve Uyu\u015fturucu \u0130le M\u00fccadele Komisyonu Ba\u015fkan\u0131 Muhammed el \u015eear; ya\u015fanmakta olan kriz ko\u015fullar\u0131nda uyu\u015fturucu y\u0131lan\u0131 ile m\u00fccadele i\u00e7in gerekli b\u00fct\u00fcn \u00e7aban\u0131n harcanmas\u0131 gere\u011fine i\u015faret ederek Suriye devletini vurmaya \u00e7al\u0131\u015fan ter\u00f6r\u00fcn uyu\u015fturucu ile Suriye toplumunu da hedef ald\u0131\u011f\u0131n\u0131n alt\u0131n\u0131 \u00e7izdi. Uyu\u015fturucu \u0130le M\u00fccadele Komisyonunun d\u00fcn d\u00fczenledi\u011fi toplant\u0131da bir konu\u015fma yapan \u015eear; silahl\u0131 &hellip;<\/p>\n","protected":false},"author":1,"featured_media":56392,"comment_status":"closed","ping_status":"closed","sticky":false,"template":"","format":"standard","meta":{"footnotes":""},"categories":[479,17988,478],"tags":[18262],"class_list":["post-56390","post","type-post","status-publish","format-standard","has-post-thumbnail","","category-haberler-yerel","category-son-haberler","category-yerel","tag-sear-uyusturucu-ile-mucadele-genc-nesillerin-bilinclendirilmesiyle-basariya-ulasir"],"_links":{"self":[{"href":"https:\/\/archive.sana.sy\/tr\/index.php?rest_route=\/wp\/v2\/posts\/56390","targetHints":{"allow":["GET"]}}],"collection":[{"href":"https:\/\/archive.sana.sy\/tr\/index.php?rest_route=\/wp\/v2\/posts"}],"about":[{"href":"https:\/\/archive.sana.sy\/tr\/index.php?rest_route=\/wp\/v2\/types\/post"}],"author":[{"embeddable":true,"href":"https:\/\/archive.sana.sy\/tr\/index.php?rest_route=\/wp\/v2\/users\/1"}],"replies":[{"embeddable":true,"href":"https:\/\/archive.sana.sy\/tr\/index.php?rest_route=%2Fwp%2Fv2%2Fcomments&post=56390"}],"version-history":[{"count":0,"href":"https:\/\/archive.sana.sy\/tr\/index.php?rest_route=\/wp\/v2\/posts\/56390\/revisions"}],"wp:featuredmedia":[{"embeddable":true,"href":"https:\/\/archive.sana.sy\/tr\/index.php?rest_route=\/wp\/v2\/media\/56392"}],"wp:attachment":[{"href":"https:\/\/archive.sana.sy\/tr\/index.php?rest_route=%2Fwp%2Fv2%2Fmedia&parent=56390"}],"wp:term":[{"taxonomy":"category","embeddable":true,"href":"https:\/\/archive.sana.sy\/tr\/index.php?rest_route=%2Fwp%2Fv2%2Fcategories&post=56390"},{"taxonomy":"post_tag","embeddable":true,"href":"https:\/\/archive.sana.sy\/tr\/index.php?rest_route=%2Fwp%2Fv2%2Ftags&post=56390"}],"curies":[{"name":"wp","href":"https:\/\/api.w.org\/{rel}","templated":true}]}}