{"id":56394,"date":"2015-12-28T10:51:23","date_gmt":"2015-12-28T08:51:23","guid":{"rendered":"http:\/\/www.sana.sy\/tr\/?p=56394"},"modified":"2015-12-29T15:53:40","modified_gmt":"2015-12-29T13:53:40","slug":"kefraya-ve-fuadan-300-yarali-cikarilirken-zebadaniden-de-silahlilar-cikariliyor","status":"publish","type":"post","link":"https:\/\/archive.sana.sy\/tr\/?p=56394","title":{"rendered":"Kefraya ve Fua\u2019dan 300 Yaral\u0131 \u00c7\u0131kar\u0131l\u0131rken, Zebadani\u2019den de Silahl\u0131lar \u00c7\u0131kar\u0131l\u0131yor (video )"},"content":{"rendered":"<p>\u0130LLER \u2013 \u015eam k\u0131rsal\u0131 Zebadani Kentini silah ve silahl\u0131lardan ar\u0131nd\u0131rma \u00e7al\u0131\u015fmalar\u0131 kapsam\u0131nda silahl\u0131lar\u0131 kentten \u00e7\u0131karma s\u00fcreci bug\u00fcn sabah saatlerinde BM, Suriye K\u0131z\u0131lay \u00d6rg\u00fct\u00fc ve Uluslararas\u0131 K\u0131z\u0131lha\u00e7 \u00d6rg\u00fct\u00fcn\u00fcn denetimi alt\u0131nda ba\u015flat\u0131ld\u0131.<\/p>\n<p>SANA\u2019n\u0131n Zebadani Kentindeki muhabiri; kentteki silahlar\u0131 kent d\u0131\u015f\u0131na ta\u015f\u0131ma amac\u0131yla BM\u2019ye tabi bir\u00e7ok arac\u0131n K\u0131z\u0131lay ve K\u0131z\u0131lha\u00e7 \u00f6rg\u00fct\u00fcn\u00fcn refakatinde kente girdiklerini, silahl\u0131lar\u0131 aileleriyle birlikte otob\u00fcslere bindirdiklerini s\u00f6yledi.<\/p>\n<p>Ge\u00e7en Eyl\u00fcl ay\u0131nda sa\u011flanan anla\u015fma kapsam\u0131nda Zebadani Kentindeki silahl\u0131lar\u0131 kentin d\u0131\u015f\u0131na ta\u015f\u0131ma s\u00fcrecine e\u015f zamanl\u0131 olarak \u0130dlib k\u0131rsal\u0131nda iki y\u0131ldan fazla bir s\u00fcredir \u00e7okuluslu tekfirci ter\u00f6ristlerin ablukas\u0131 alt\u0131nda bulunan Fua ve Kefraya beldelerinden yaral\u0131 300 aile tedavi i\u00e7in iki belde d\u0131\u015f\u0131na aktar\u0131l\u0131yor.<\/p>\n<div id='gallery-1' class='gallery galleryid-56394 gallery-columns-2 gallery-size-medium'><figure class='gallery-item'>\n\t\t\t<div class='gallery-icon landscape'>\n\t\t\t\t<a href='https:\/\/archive.sana.sy\/tr\/wp-content\/uploads\/2015\/12\/Zebadani-2.jpg'><img loading=\"lazy\" decoding=\"async\" width=\"300\" height=\"180\" src=\"https:\/\/archive.sana.sy\/tr\/wp-content\/uploads\/2015\/12\/Zebadani-2-300x180.jpg\" class=\"attachment-medium size-medium\" alt=\"\" srcset=\"https:\/\/archive.sana.sy\/tr\/wp-content\/uploads\/2015\/12\/Zebadani-2-300x180.jpg 300w, https:\/\/archive.sana.sy\/tr\/wp-content\/uploads\/2015\/12\/Zebadani-2-150x90.jpg 150w, https:\/\/archive.sana.sy\/tr\/wp-content\/uploads\/2015\/12\/Zebadani-2.jpg 500w\" sizes=\"auto, (max-width: 300px) 100vw, 300px\" \/><\/a>\n\t\t\t<\/div><\/figure><figure class='gallery-item'>\n\t\t\t<div class='gallery-icon landscape'>\n\t\t\t\t<a href='https:\/\/archive.sana.sy\/tr\/wp-content\/uploads\/2015\/12\/Zebadani-3.jpg'><img loading=\"lazy\" decoding=\"async\" width=\"300\" height=\"182\" src=\"https:\/\/archive.sana.sy\/tr\/wp-content\/uploads\/2015\/12\/Zebadani-3-300x182.jpg\" class=\"attachment-medium size-medium\" alt=\"\" srcset=\"https:\/\/archive.sana.sy\/tr\/wp-content\/uploads\/2015\/12\/Zebadani-3-300x182.jpg 300w, https:\/\/archive.sana.sy\/tr\/wp-content\/uploads\/2015\/12\/Zebadani-3-150x91.jpg 150w, https:\/\/archive.sana.sy\/tr\/wp-content\/uploads\/2015\/12\/Zebadani-3.jpg 500w\" sizes=\"auto, (max-width: 300px) 100vw, 300px\" \/><\/a>\n\t\t\t<\/div><\/figure>\n\t\t<\/div>\n\n<p>https:\/\/www.youtube.com\/watch?v=ErdnWkrCjOY<\/p>\n<p>R.H.<\/p>\n","protected":false},"excerpt":{"rendered":"<p>\u0130LLER \u2013 \u015eam k\u0131rsal\u0131 Zebadani Kentini silah ve silahl\u0131lardan ar\u0131nd\u0131rma \u00e7al\u0131\u015fmalar\u0131 kapsam\u0131nda silahl\u0131lar\u0131 kentten \u00e7\u0131karma s\u00fcreci bug\u00fcn sabah saatlerinde BM, Suriye K\u0131z\u0131lay \u00d6rg\u00fct\u00fc ve Uluslararas\u0131 K\u0131z\u0131lha\u00e7 \u00d6rg\u00fct\u00fcn\u00fcn denetimi alt\u0131nda ba\u015flat\u0131ld\u0131. SANA\u2019n\u0131n Zebadani Kentindeki muhabiri; kentteki silahlar\u0131 kent d\u0131\u015f\u0131na ta\u015f\u0131ma amac\u0131yla BM\u2019ye tabi bir\u00e7ok arac\u0131n K\u0131z\u0131lay ve K\u0131z\u0131lha\u00e7 \u00f6rg\u00fct\u00fcn\u00fcn refakatinde kente girdiklerini, silahl\u0131lar\u0131 aileleriyle birlikte otob\u00fcslere &hellip;<\/p>\n","protected":false},"author":1,"featured_media":56396,"comment_status":"closed","ping_status":"closed","sticky":false,"template":"","format":"standard","meta":{"footnotes":""},"categories":[479,575,17988,478],"tags":[18264,18265],"class_list":["post-56394","post","type-post","status-publish","format-standard","has-post-thumbnail","","category-haberler-yerel","category-olaylar-ve-gercekler","category-son-haberler","category-yerel","tag-kefraya-ve-fuadan-300-yarali-cikarilirken","tag-zebadaniden-de-silahlilar-cikariliyor"],"_links":{"self":[{"href":"https:\/\/archive.sana.sy\/tr\/index.php?rest_route=\/wp\/v2\/posts\/56394","targetHints":{"allow":["GET"]}}],"collection":[{"href":"https:\/\/archive.sana.sy\/tr\/index.php?rest_route=\/wp\/v2\/posts"}],"about":[{"href":"https:\/\/archive.sana.sy\/tr\/index.php?rest_route=\/wp\/v2\/types\/post"}],"author":[{"embeddable":true,"href":"https:\/\/archive.sana.sy\/tr\/index.php?rest_route=\/wp\/v2\/users\/1"}],"replies":[{"embeddable":true,"href":"https:\/\/archive.sana.sy\/tr\/index.php?rest_route=%2Fwp%2Fv2%2Fcomments&post=56394"}],"version-history":[{"count":0,"href":"https:\/\/archive.sana.sy\/tr\/index.php?rest_route=\/wp\/v2\/posts\/56394\/revisions"}],"wp:featuredmedia":[{"embeddable":true,"href":"https:\/\/archive.sana.sy\/tr\/index.php?rest_route=\/wp\/v2\/media\/56396"}],"wp:attachment":[{"href":"https:\/\/archive.sana.sy\/tr\/index.php?rest_route=%2Fwp%2Fv2%2Fmedia&parent=56394"}],"wp:term":[{"taxonomy":"category","embeddable":true,"href":"https:\/\/archive.sana.sy\/tr\/index.php?rest_route=%2Fwp%2Fv2%2Fcategories&post=56394"},{"taxonomy":"post_tag","embeddable":true,"href":"https:\/\/archive.sana.sy\/tr\/index.php?rest_route=%2Fwp%2Fv2%2Ftags&post=56394"}],"curies":[{"name":"wp","href":"https:\/\/api.w.org\/{rel}","templated":true}]}}