{"id":56400,"date":"2015-12-28T11:00:16","date_gmt":"2015-12-28T09:00:16","guid":{"rendered":"http:\/\/www.sana.sy\/tr\/?p=56400"},"modified":"2015-12-28T11:00:16","modified_gmt":"2015-12-28T09:00:16","slug":"sananin-homs-muhabiri-eli-kanli-teroristlerin-kentin-zehra-semti-yakinlarindaki-ana-meydanda-bombali-iki-araci-havaya-ucurduklarini-ilk-verilere-gore-gaddar-teror-saldirilarinda-bircok-vata","status":"publish","type":"post","link":"https:\/\/archive.sana.sy\/tr\/?p=56400","title":{"rendered":"SANA\u2019n\u0131n Homs muhabiri; eli kanl\u0131 ter\u00f6ristlerin kentin Zehra Semti yak\u0131nlar\u0131ndaki ana meydanda bombal\u0131 iki arac\u0131 havaya u\u00e7urduklar\u0131n\u0131, ilk verilere g\u00f6re gaddar ter\u00f6r sald\u0131r\u0131lar\u0131nda bir\u00e7ok vatanda\u015f\u0131n \u015fehit ve yaral\u0131 d\u00fc\u015ft\u00fcklerini aktard\u0131"},"content":{"rendered":"<p>SANA\u2019n\u0131n Homs muhabiri; eli kanl\u0131 ter\u00f6ristlerin kentin Zehra Semti yak\u0131nlar\u0131ndaki ana meydanda bombal\u0131 iki arac\u0131 havaya u\u00e7urduklar\u0131n\u0131, ilk verilere g\u00f6re gaddar ter\u00f6r sald\u0131r\u0131lar\u0131nda bir\u00e7ok vatanda\u015f\u0131n \u015fehit ve yaral\u0131 d\u00fc\u015ft\u00fcklerini aktard\u0131<\/p>\n","protected":false},"excerpt":{"rendered":"<p>SANA\u2019n\u0131n Homs muhabiri; eli kanl\u0131 ter\u00f6ristlerin kentin Zehra Semti yak\u0131nlar\u0131ndaki ana meydanda bombal\u0131 iki arac\u0131 havaya u\u00e7urduklar\u0131n\u0131, ilk verilere g\u00f6re gaddar ter\u00f6r sald\u0131r\u0131lar\u0131nda bir\u00e7ok vatanda\u015f\u0131n \u015fehit ve yaral\u0131 d\u00fc\u015ft\u00fcklerini aktard\u0131<\/p>\n","protected":false},"author":1,"featured_media":0,"comment_status":"closed","ping_status":"closed","sticky":false,"template":"","format":"standard","meta":{"footnotes":""},"categories":[17991],"tags":[18267,18266],"class_list":["post-56400","post","type-post","status-publish","format-standard","","category-son-dakika","tag-ilk-verilere-gore-gaddar-teror-saldirilarinda-bircok-vatandasin-sehit-ve-yarali-dustuklerini-aktardi","tag-sananin-homs-muhabiri-eli-kanli-teroristlerin-kentin-zehra-semti-yakinlarindaki-ana-meydanda-bombali-iki-araci-havaya-ucurduklarini"],"_links":{"self":[{"href":"https:\/\/archive.sana.sy\/tr\/index.php?rest_route=\/wp\/v2\/posts\/56400","targetHints":{"allow":["GET"]}}],"collection":[{"href":"https:\/\/archive.sana.sy\/tr\/index.php?rest_route=\/wp\/v2\/posts"}],"about":[{"href":"https:\/\/archive.sana.sy\/tr\/index.php?rest_route=\/wp\/v2\/types\/post"}],"author":[{"embeddable":true,"href":"https:\/\/archive.sana.sy\/tr\/index.php?rest_route=\/wp\/v2\/users\/1"}],"replies":[{"embeddable":true,"href":"https:\/\/archive.sana.sy\/tr\/index.php?rest_route=%2Fwp%2Fv2%2Fcomments&post=56400"}],"version-history":[{"count":0,"href":"https:\/\/archive.sana.sy\/tr\/index.php?rest_route=\/wp\/v2\/posts\/56400\/revisions"}],"wp:attachment":[{"href":"https:\/\/archive.sana.sy\/tr\/index.php?rest_route=%2Fwp%2Fv2%2Fmedia&parent=56400"}],"wp:term":[{"taxonomy":"category","embeddable":true,"href":"https:\/\/archive.sana.sy\/tr\/index.php?rest_route=%2Fwp%2Fv2%2Fcategories&post=56400"},{"taxonomy":"post_tag","embeddable":true,"href":"https:\/\/archive.sana.sy\/tr\/index.php?rest_route=%2Fwp%2Fv2%2Ftags&post=56400"}],"curies":[{"name":"wp","href":"https:\/\/api.w.org\/{rel}","templated":true}]}}