{"id":56402,"date":"2015-12-28T14:30:11","date_gmt":"2015-12-28T12:30:11","guid":{"rendered":"http:\/\/www.sana.sy\/tr\/?p=56402"},"modified":"2015-12-29T16:32:47","modified_gmt":"2015-12-29T14:32:47","slug":"homsta-bombali-saldiri-2","status":"publish","type":"post","link":"https:\/\/archive.sana.sy\/tr\/?p=56402","title":{"rendered":"Homs\u2019ta \u0130ki Bombal\u0131 Eylem 19 \u015eehit, 43 Yaral\u0131 (video)"},"content":{"rendered":"<p>HOMS \u2013 T\u00fcrkiye&#8217;de Erdo\u011fan rejimi ba\u015fta olmak \u00fczere d\u0131\u015f g\u00fc\u00e7lerin destek ve komutas\u0131nda faaliyet g\u00f6steren ter\u00f6ristler bug\u00fcn Homs Kentinin ortas\u0131na d\u00fc\u015fen Zehra Semtinde iki bombal\u0131 eylem d\u00fczenledi.<\/p>\n<p>Homs Valisi Telal el Berazi SANA\u2019ya yapt\u0131\u011f\u0131 a\u00e7\u0131klamada; ter\u00f6ristlerin sabah saatlerinde yakla\u015f\u0131k 200 kg patlay\u0131c\u0131 ile haz\u0131rlanm\u0131\u015f Toyota marka bir arac\u0131 Kessib Mezarl\u0131\u011f\u0131 ile sivil yerle\u015fim alan\u0131 Zehra Semtinin ana meydan\u0131 aras\u0131ndaki yolda havaya u\u00e7urduklar\u0131 belirtti. Veli Berazi vatanda\u015flar\u0131n, t\u0131bbi ekiplerin, sivil savunma g\u00fc\u00e7leri ve i\u00e7 g\u00fcvenlik g\u00fc\u00e7lerinin patlamada isabet alanlara yard\u0131m etmek i\u00e7in toplanmalar\u0131 ard\u0131ndan canl\u0131 bomba bir ter\u00f6ristin kentini kalabal\u0131\u011f\u0131n aras\u0131nda havaya u\u00e7urdu\u011funu ifade etti.<\/p>\n<p>\u0130ki patlamada savunmas\u0131z sivil insanlardan 19 vatanda\u015f\u0131n \u015fehit d\u00fc\u015ft\u00fc\u011f\u00fcn\u00fc beliren Vali Berazi; geneli a\u011f\u0131r olmak \u00fczere 43 ki\u015finin de yaraland\u0131\u011f\u0131n\u0131 a\u00e7\u0131klad\u0131. Berazi yaral\u0131lar\u0131n durumlar\u0131n\u0131n a\u011f\u0131r olmas\u0131yla \u015fehit say\u0131s\u0131n\u0131n y\u00fckselebilece\u011fine dikkat \u00e7ekti.<\/p>\n<p>Olay yerine giden SANA muhabiri iki patlama sonucunda civardaki binalarda b\u00fcy\u00fck maddi hasarlar\u0131n oldu\u011funu ifade ederken, sivil savunma g\u00fc\u00e7lerinin enkaz adl\u0131ndan yaral\u0131 ve \u015fehitleri \u00e7\u0131kard\u0131klar\u0131n\u0131 s\u00f6yledi.<\/p>\n<p>https:\/\/www.youtube.com\/watch?v=yk35961v0kM<\/p>\n<div id='gallery-1' class='gallery galleryid-56402 gallery-columns-2 gallery-size-medium'><figure class='gallery-item'>\n\t\t\t<div class='gallery-icon landscape'>\n\t\t\t\t<a href='https:\/\/archive.sana.sy\/tr\/wp-content\/uploads\/2015\/12\/004.jpg'><img loading=\"lazy\" decoding=\"async\" width=\"300\" height=\"145\" src=\"https:\/\/archive.sana.sy\/tr\/wp-content\/uploads\/2015\/12\/004-300x145.jpg\" class=\"attachment-medium size-medium\" alt=\"\" srcset=\"https:\/\/archive.sana.sy\/tr\/wp-content\/uploads\/2015\/12\/004-300x145.jpg 300w, https:\/\/archive.sana.sy\/tr\/wp-content\/uploads\/2015\/12\/004-150x73.jpg 150w, https:\/\/archive.sana.sy\/tr\/wp-content\/uploads\/2015\/12\/004.jpg 643w\" sizes=\"auto, (max-width: 300px) 100vw, 300px\" \/><\/a>\n\t\t\t<\/div><\/figure><figure class='gallery-item'>\n\t\t\t<div class='gallery-icon landscape'>\n\t\t\t\t<a href='https:\/\/archive.sana.sy\/tr\/wp-content\/uploads\/2015\/12\/005.jpg'><img loading=\"lazy\" decoding=\"async\" width=\"300\" height=\"150\" src=\"https:\/\/archive.sana.sy\/tr\/wp-content\/uploads\/2015\/12\/005-300x150.jpg\" class=\"attachment-medium size-medium\" alt=\"\" srcset=\"https:\/\/archive.sana.sy\/tr\/wp-content\/uploads\/2015\/12\/005-300x150.jpg 300w, https:\/\/archive.sana.sy\/tr\/wp-content\/uploads\/2015\/12\/005-150x75.jpg 150w, https:\/\/archive.sana.sy\/tr\/wp-content\/uploads\/2015\/12\/005.jpg 621w\" sizes=\"auto, (max-width: 300px) 100vw, 300px\" \/><\/a>\n\t\t\t<\/div><\/figure><figure class='gallery-item'>\n\t\t\t<div class='gallery-icon landscape'>\n\t\t\t\t<a href='https:\/\/archive.sana.sy\/tr\/wp-content\/uploads\/2015\/12\/007.jpg'><img loading=\"lazy\" decoding=\"async\" width=\"300\" height=\"154\" src=\"https:\/\/archive.sana.sy\/tr\/wp-content\/uploads\/2015\/12\/007-300x154.jpg\" class=\"attachment-medium size-medium\" alt=\"\" srcset=\"https:\/\/archive.sana.sy\/tr\/wp-content\/uploads\/2015\/12\/007-300x154.jpg 300w, https:\/\/archive.sana.sy\/tr\/wp-content\/uploads\/2015\/12\/007-150x77.jpg 150w, https:\/\/archive.sana.sy\/tr\/wp-content\/uploads\/2015\/12\/007.jpg 618w\" sizes=\"auto, (max-width: 300px) 100vw, 300px\" \/><\/a>\n\t\t\t<\/div><\/figure><figure class='gallery-item'>\n\t\t\t<div class='gallery-icon landscape'>\n\t\t\t\t<a href='https:\/\/archive.sana.sy\/tr\/wp-content\/uploads\/2015\/12\/008.jpg'><img loading=\"lazy\" decoding=\"async\" width=\"300\" height=\"177\" src=\"https:\/\/archive.sana.sy\/tr\/wp-content\/uploads\/2015\/12\/008-300x177.jpg\" class=\"attachment-medium size-medium\" alt=\"\" srcset=\"https:\/\/archive.sana.sy\/tr\/wp-content\/uploads\/2015\/12\/008-300x177.jpg 300w, https:\/\/archive.sana.sy\/tr\/wp-content\/uploads\/2015\/12\/008-150x89.jpg 150w, https:\/\/archive.sana.sy\/tr\/wp-content\/uploads\/2015\/12\/008.jpg 650w\" sizes=\"auto, (max-width: 300px) 100vw, 300px\" \/><\/a>\n\t\t\t<\/div><\/figure><figure class='gallery-item'>\n\t\t\t<div class='gallery-icon landscape'>\n\t\t\t\t<a href='https:\/\/archive.sana.sy\/tr\/wp-content\/uploads\/2015\/12\/010-1.jpg'><img loading=\"lazy\" decoding=\"async\" width=\"300\" height=\"198\" src=\"https:\/\/archive.sana.sy\/tr\/wp-content\/uploads\/2015\/12\/010-1-300x198.jpg\" class=\"attachment-medium size-medium\" alt=\"\" srcset=\"https:\/\/archive.sana.sy\/tr\/wp-content\/uploads\/2015\/12\/010-1-300x198.jpg 300w, https:\/\/archive.sana.sy\/tr\/wp-content\/uploads\/2015\/12\/010-1-150x99.jpg 150w, https:\/\/archive.sana.sy\/tr\/wp-content\/uploads\/2015\/12\/010-1-310x205.jpg 310w, https:\/\/archive.sana.sy\/tr\/wp-content\/uploads\/2015\/12\/010-1.jpg 633w\" sizes=\"auto, (max-width: 300px) 100vw, 300px\" \/><\/a>\n\t\t\t<\/div><\/figure><figure class='gallery-item'>\n\t\t\t<div class='gallery-icon landscape'>\n\t\t\t\t<a href='https:\/\/archive.sana.sy\/tr\/wp-content\/uploads\/2015\/12\/011-1.jpg'><img loading=\"lazy\" decoding=\"async\" width=\"300\" height=\"193\" src=\"https:\/\/archive.sana.sy\/tr\/wp-content\/uploads\/2015\/12\/011-1-300x193.jpg\" class=\"attachment-medium size-medium\" alt=\"\" srcset=\"https:\/\/archive.sana.sy\/tr\/wp-content\/uploads\/2015\/12\/011-1-300x193.jpg 300w, https:\/\/archive.sana.sy\/tr\/wp-content\/uploads\/2015\/12\/011-1-150x96.jpg 150w, https:\/\/archive.sana.sy\/tr\/wp-content\/uploads\/2015\/12\/011-1.jpg 635w\" sizes=\"auto, (max-width: 300px) 100vw, 300px\" \/><\/a>\n\t\t\t<\/div><\/figure><figure class='gallery-item'>\n\t\t\t<div class='gallery-icon portrait'>\n\t\t\t\t<a href='https:\/\/archive.sana.sy\/tr\/wp-content\/uploads\/2015\/12\/679_424664227719876_4219956489288464878_n.jpg'><img loading=\"lazy\" decoding=\"async\" width=\"225\" height=\"300\" src=\"https:\/\/archive.sana.sy\/tr\/wp-content\/uploads\/2015\/12\/679_424664227719876_4219956489288464878_n-225x300.jpg\" class=\"attachment-medium size-medium\" alt=\"\" srcset=\"https:\/\/archive.sana.sy\/tr\/wp-content\/uploads\/2015\/12\/679_424664227719876_4219956489288464878_n-225x300.jpg 225w, https:\/\/archive.sana.sy\/tr\/wp-content\/uploads\/2015\/12\/679_424664227719876_4219956489288464878_n-113x150.jpg 113w, https:\/\/archive.sana.sy\/tr\/wp-content\/uploads\/2015\/12\/679_424664227719876_4219956489288464878_n.jpg 720w\" sizes=\"auto, (max-width: 225px) 100vw, 225px\" \/><\/a>\n\t\t\t<\/div><\/figure><figure class='gallery-item'>\n\t\t\t<div class='gallery-icon landscape'>\n\t\t\t\t<a href='https:\/\/archive.sana.sy\/tr\/wp-content\/uploads\/2015\/12\/575711_424664107719888_4287847686717898515_n.jpg'><img loading=\"lazy\" decoding=\"async\" width=\"300\" height=\"172\" src=\"https:\/\/archive.sana.sy\/tr\/wp-content\/uploads\/2015\/12\/575711_424664107719888_4287847686717898515_n-300x172.jpg\" class=\"attachment-medium size-medium\" alt=\"\" srcset=\"https:\/\/archive.sana.sy\/tr\/wp-content\/uploads\/2015\/12\/575711_424664107719888_4287847686717898515_n-300x172.jpg 300w, https:\/\/archive.sana.sy\/tr\/wp-content\/uploads\/2015\/12\/575711_424664107719888_4287847686717898515_n-150x86.jpg 150w, https:\/\/archive.sana.sy\/tr\/wp-content\/uploads\/2015\/12\/575711_424664107719888_4287847686717898515_n.jpg 720w\" sizes=\"auto, (max-width: 300px) 100vw, 300px\" \/><\/a>\n\t\t\t<\/div><\/figure><figure class='gallery-item'>\n\t\t\t<div class='gallery-icon landscape'>\n\t\t\t\t<a href='https:\/\/archive.sana.sy\/tr\/wp-content\/uploads\/2015\/12\/10609716_424664167719882_1092827323711434428_n.jpg'><img loading=\"lazy\" decoding=\"async\" width=\"300\" height=\"197\" src=\"https:\/\/archive.sana.sy\/tr\/wp-content\/uploads\/2015\/12\/10609716_424664167719882_1092827323711434428_n-300x197.jpg\" class=\"attachment-medium size-medium\" alt=\"\" srcset=\"https:\/\/archive.sana.sy\/tr\/wp-content\/uploads\/2015\/12\/10609716_424664167719882_1092827323711434428_n-300x197.jpg 300w, https:\/\/archive.sana.sy\/tr\/wp-content\/uploads\/2015\/12\/10609716_424664167719882_1092827323711434428_n-150x98.jpg 150w, https:\/\/archive.sana.sy\/tr\/wp-content\/uploads\/2015\/12\/10609716_424664167719882_1092827323711434428_n-310x205.jpg 310w, https:\/\/archive.sana.sy\/tr\/wp-content\/uploads\/2015\/12\/10609716_424664167719882_1092827323711434428_n.jpg 720w\" sizes=\"auto, (max-width: 300px) 100vw, 300px\" \/><\/a>\n\t\t\t<\/div><\/figure>\n\t\t<\/div>\n\n<p>R.H.<\/p>\n","protected":false},"excerpt":{"rendered":"<p>HOMS \u2013 T\u00fcrkiye&#8217;de Erdo\u011fan rejimi ba\u015fta olmak \u00fczere d\u0131\u015f g\u00fc\u00e7lerin destek ve komutas\u0131nda faaliyet g\u00f6steren ter\u00f6ristler bug\u00fcn Homs Kentinin ortas\u0131na d\u00fc\u015fen Zehra Semtinde iki bombal\u0131 eylem d\u00fczenledi. Homs Valisi Telal el Berazi SANA\u2019ya yapt\u0131\u011f\u0131 a\u00e7\u0131klamada; ter\u00f6ristlerin sabah saatlerinde yakla\u015f\u0131k 200 kg patlay\u0131c\u0131 ile haz\u0131rlanm\u0131\u015f Toyota marka bir arac\u0131 Kessib Mezarl\u0131\u011f\u0131 ile sivil yerle\u015fim alan\u0131 Zehra &hellip;<\/p>\n","protected":false},"author":1,"featured_media":56403,"comment_status":"closed","ping_status":"closed","sticky":false,"template":"","format":"standard","meta":{"footnotes":""},"categories":[596,575],"tags":[],"class_list":["post-56402","post","type-post","status-publish","format-standard","has-post-thumbnail","","category-fotografli-raporlar","category-olaylar-ve-gercekler"],"_links":{"self":[{"href":"https:\/\/archive.sana.sy\/tr\/index.php?rest_route=\/wp\/v2\/posts\/56402","targetHints":{"allow":["GET"]}}],"collection":[{"href":"https:\/\/archive.sana.sy\/tr\/index.php?rest_route=\/wp\/v2\/posts"}],"about":[{"href":"https:\/\/archive.sana.sy\/tr\/index.php?rest_route=\/wp\/v2\/types\/post"}],"author":[{"embeddable":true,"href":"https:\/\/archive.sana.sy\/tr\/index.php?rest_route=\/wp\/v2\/users\/1"}],"replies":[{"embeddable":true,"href":"https:\/\/archive.sana.sy\/tr\/index.php?rest_route=%2Fwp%2Fv2%2Fcomments&post=56402"}],"version-history":[{"count":0,"href":"https:\/\/archive.sana.sy\/tr\/index.php?rest_route=\/wp\/v2\/posts\/56402\/revisions"}],"wp:featuredmedia":[{"embeddable":true,"href":"https:\/\/archive.sana.sy\/tr\/index.php?rest_route=\/wp\/v2\/media\/56403"}],"wp:attachment":[{"href":"https:\/\/archive.sana.sy\/tr\/index.php?rest_route=%2Fwp%2Fv2%2Fmedia&parent=56402"}],"wp:term":[{"taxonomy":"category","embeddable":true,"href":"https:\/\/archive.sana.sy\/tr\/index.php?rest_route=%2Fwp%2Fv2%2Fcategories&post=56402"},{"taxonomy":"post_tag","embeddable":true,"href":"https:\/\/archive.sana.sy\/tr\/index.php?rest_route=%2Fwp%2Fv2%2Ftags&post=56402"}],"curies":[{"name":"wp","href":"https:\/\/api.w.org\/{rel}","templated":true}]}}