{"id":56420,"date":"2015-12-28T14:43:22","date_gmt":"2015-12-28T12:43:22","guid":{"rendered":"http:\/\/www.sana.sy\/tr\/?p=56420"},"modified":"2015-12-28T14:43:22","modified_gmt":"2015-12-28T12:43:22","slug":"turkiyeye-ekonomik-yaptirim-kararnamesini-imzaladi","status":"publish","type":"post","link":"https:\/\/archive.sana.sy\/tr\/?p=56420","title":{"rendered":"T\u00fcrkiye&#8217;ye Ekonomik Yapt\u0131r\u0131m Kararnamesini \u0130mzalad\u0131"},"content":{"rendered":"<p>MOSKOVA \u2013 Rusya Ba\u015fkan\u0131 Vladimir Putin bug\u00fcn; T\u00fcrkiye&#8217;de rejim g\u00fc\u00e7lerinin ge\u00e7en Kas\u0131m ay\u0131nda Suriye&#8217;de \u00e7okuluslu tekfirci ter\u00f6ristlere kar\u015f\u0131 operasyonlar\u0131 esnas\u0131nda Rus bir sava\u015f u\u00e7a\u011f\u0131n\u0131 Lazkiye k\u0131rsal\u0131nda Suriye hava sahas\u0131nda d\u00fc\u015f\u00fcren T\u00fcrkiye&#8217;ye ekonomik yapt\u0131r\u0131m icraatlar\u0131n\u0131 \u00f6ng\u00f6ren kararnameyi onaylad\u0131.<\/p>\n<p>Rus Sputnik Ajans\u0131n\u0131n aktard\u0131\u011f\u0131 haberde imzalanan kararnamenin; \u2018Rus milli g\u00fcvenli\u011finin garantilenmesi ve Rus vatanda\u015flar\u0131n selametinin su\u00e7 faaliyetleri ve kanunlara ayk\u0131r\u0131 di\u011fer faaliyetlerden korunmalar\u0131n\u0131\u2019 ama\u00e7layan yeni d\u00fczenlemeler i\u00e7erdi\u011fini aktard\u0131. Haberde kanunnamenin ayr\u0131ca T\u00fcrkiye&#8217;ye \u00f6zel olarak uygulanacak ekonomik yapt\u0131r\u0131mlar icraatlar\u0131n\u0131n hayata ge\u00e7irilmesini de i\u00e7erdi\u011fi belirtildi.<\/p>\n<p>Yeni kanunnamede T\u00fcrk vatanda\u015flar\u0131n\u0131n ad\u0131na kay\u0131tl\u0131 \u015firketler ya da T\u00fcrkiye kanunlar\u0131yla faaliyet g\u00f6steren \u015firketlerin Rusya\u2019daki \u00e7al\u0131\u015fmalar\u0131na ek olarak bir k\u0131s\u0131m T\u00fcrk mallar\u0131n\u0131n ithalat\u0131na s\u0131n\u0131rlamalar koyuluyor.<\/p>\n","protected":false},"excerpt":{"rendered":"<p>MOSKOVA \u2013 Rusya Ba\u015fkan\u0131 Vladimir Putin bug\u00fcn; T\u00fcrkiye&#8217;de rejim g\u00fc\u00e7lerinin ge\u00e7en Kas\u0131m ay\u0131nda Suriye&#8217;de \u00e7okuluslu tekfirci ter\u00f6ristlere kar\u015f\u0131 operasyonlar\u0131 esnas\u0131nda Rus bir sava\u015f u\u00e7a\u011f\u0131n\u0131 Lazkiye k\u0131rsal\u0131nda Suriye hava sahas\u0131nda d\u00fc\u015f\u00fcren T\u00fcrkiye&#8217;ye ekonomik yapt\u0131r\u0131m icraatlar\u0131n\u0131 \u00f6ng\u00f6ren kararnameyi onaylad\u0131. Rus Sputnik Ajans\u0131n\u0131n aktard\u0131\u011f\u0131 haberde imzalanan kararnamenin; \u2018Rus milli g\u00fcvenli\u011finin garantilenmesi ve Rus vatanda\u015flar\u0131n selametinin su\u00e7 faaliyetleri ve &hellip;<\/p>\n","protected":false},"author":1,"featured_media":56427,"comment_status":"closed","ping_status":"closed","sticky":false,"template":"","format":"standard","meta":{"footnotes":""},"categories":[17988,2554,2555],"tags":[9401,18189,16904,3039],"class_list":["post-56420","post","type-post","status-publish","format-standard","has-post-thumbnail","","category-son-haberler","category-suriye-ve-dunya","category-suriye-ve-turkiye","tag-erdogan","tag-rus-ucak","tag-rusya-baskani-vladimir-putin","tag-turkiye"],"_links":{"self":[{"href":"https:\/\/archive.sana.sy\/tr\/index.php?rest_route=\/wp\/v2\/posts\/56420","targetHints":{"allow":["GET"]}}],"collection":[{"href":"https:\/\/archive.sana.sy\/tr\/index.php?rest_route=\/wp\/v2\/posts"}],"about":[{"href":"https:\/\/archive.sana.sy\/tr\/index.php?rest_route=\/wp\/v2\/types\/post"}],"author":[{"embeddable":true,"href":"https:\/\/archive.sana.sy\/tr\/index.php?rest_route=\/wp\/v2\/users\/1"}],"replies":[{"embeddable":true,"href":"https:\/\/archive.sana.sy\/tr\/index.php?rest_route=%2Fwp%2Fv2%2Fcomments&post=56420"}],"version-history":[{"count":0,"href":"https:\/\/archive.sana.sy\/tr\/index.php?rest_route=\/wp\/v2\/posts\/56420\/revisions"}],"wp:featuredmedia":[{"embeddable":true,"href":"https:\/\/archive.sana.sy\/tr\/index.php?rest_route=\/wp\/v2\/media\/56427"}],"wp:attachment":[{"href":"https:\/\/archive.sana.sy\/tr\/index.php?rest_route=%2Fwp%2Fv2%2Fmedia&parent=56420"}],"wp:term":[{"taxonomy":"category","embeddable":true,"href":"https:\/\/archive.sana.sy\/tr\/index.php?rest_route=%2Fwp%2Fv2%2Fcategories&post=56420"},{"taxonomy":"post_tag","embeddable":true,"href":"https:\/\/archive.sana.sy\/tr\/index.php?rest_route=%2Fwp%2Fv2%2Ftags&post=56420"}],"curies":[{"name":"wp","href":"https:\/\/api.w.org\/{rel}","templated":true}]}}