{"id":56501,"date":"2015-12-28T19:05:10","date_gmt":"2015-12-28T17:05:10","guid":{"rendered":"http:\/\/www.sana.sy\/tr\/?p=56501"},"modified":"2015-12-29T15:51:45","modified_gmt":"2015-12-29T13:51:45","slug":"kahraman-birliklerimiz-halkimiz-ve-vatan-topraklarini-korumayi-surduruyorlar","status":"publish","type":"post","link":"https:\/\/archive.sana.sy\/tr\/?p=56501","title":{"rendered":"Kahraman Birliklerimiz Halk\u0131m\u0131z ve Vatan Topraklar\u0131n\u0131 Korumay\u0131 S\u00fcrd\u00fcr\u00fcyorlar"},"content":{"rendered":"<p>\u0130LLER \u2013 Kahraman ordu birliklerimiz silahl\u0131 ter\u00f6r gruplar\u0131na kar\u015f\u0131 nitelikli operasyonlar\u0131n\u0131 b\u00fcy\u00fck ba\u015far\u0131larla s\u00fcrd\u00fcrerek bug\u00fcn de onlarca ter\u00f6risti \u00f6l\u00fc ve yaral\u0131 d\u00fc\u015f\u00fcrmekle birlikte havzalar\u0131nda bulunan b\u00fcy\u00fck miktarda silah ve m\u00fchimmat\u0131 imha ettiler.<\/p>\n<p><span style=\"color: #0000ff\">HALEP:<\/span><\/p>\n<p>SANA\u2019ya a\u00e7\u0131klama yapan askeri bir kaynak; Halep k\u0131rsal\u0131nda katil Erdo\u011fan rejimine ba\u011fl\u0131 I\u015e\u0130D ve ter\u00f6r \u00f6rg\u00fctlere y\u00f6nelik nitelikli operasyonlar\u0131n\u0131 s\u00fcrd\u00fcren ordu birliklerimizin; il k\u0131rsal\u0131n\u0131n kuzeyi Tel Msiybin K\u00f6y\u00fcnde a\u011f\u0131r makineli silahla donat\u0131lm\u0131\u015f bir arac\u0131 imha etmelerine e\u015f zamanl\u0131 olarak Hreytan ve Anedan beldelerine T\u00fcrkiye s\u0131n\u0131rlar\u0131ndan gelen destek hatlar\u0131n\u0131 yo\u011fun ate\u015fe tutuklar\u0131n\u0131 ifade etti.<\/p>\n<p>Kaynak; Halep k\u0131rsal\u0131n\u0131n g\u00fcneydo\u011fusu Amiriye K\u00f6y\u00fcnde de ordu birliklerimizin ter\u00f6ristlerin yuva ve k\u00fcmelenme yerlerini hedef almalar\u0131yla \u00e7ok say\u0131da ter\u00f6risti \u00f6l\u00fc ve yaral\u0131 d\u00fc\u015f\u00fcr\u00fcp silah ve m\u00fchimmatlar\u0131n\u0131 da imha ettiklerini s\u00f6zlerine ekledi.<\/p>\n<p>Kaynak; Halep Kentinde de Nusra Cephesi ve \u00e7at\u0131s\u0131 alt\u0131ndaki ter\u00f6r \u00e7etelere ait siper ve hareketlenmelerini hedef alan ordu birliklerimizin; Eski Halep ve Yeni Halep semtlerinde ter\u00f6ristlerin saflar\u0131nda a\u011f\u0131r kay\u0131plara yol a\u00e7t\u0131klar\u0131na dikkat \u00e7ekti.<\/p>\n<p>G\u00fcn\u00fcn ilerleyen saatlerinde a\u00e7\u0131klama yapan bir kaynak; ordu birliklerimizin Halep k\u0131rsal\u0131n\u0131n kuzeydo\u011fusu Ay\u015fe, Neccara, B\u00fcy\u00fck Ebu Cebbara ve Ayn el Bayda k\u00f6ylerinde I\u015e\u0130D ter\u00f6r \u00f6rg\u00fct\u00fcne tabi a\u011f\u0131r makineli silahlarla donat\u0131lm\u0131\u015f ara\u00e7lar\u0131 tahrip ettiklerini s\u00f6yledi.<\/p>\n<p>Bu arada ter\u00f6r \u00e7eteleri medya ara\u00e7lar\u0131nda Nusra Cephesinin bariz tekfirci eleba\u015flar\u0131ndan Abd\u00fcrrezzak el Hamad\u2019\u0131n \u00f6ld\u00fcr\u00fcld\u00fc\u011f\u00fcn\u00fc itiraf etti.<\/p>\n<p><span style=\"color: #0000ff\">DERA:<\/span><\/p>\n<p>\u00d6te yandan askeri kaynak; ordu birliklerimizin bu sabah Dera Kentinin 22 km kuzeyine d\u00fc\u015fen \u015eeyh Miskin Kenti eksininde askeri bir operasyon ba\u015flatt\u0131klar\u0131n\u0131 belirtti. Operasyonda tekfirci ter\u00f6ristlerin say\u0131 ve cephaneleriyle b\u00fcy\u00fck kay\u0131plara u\u011frat\u0131ld\u0131klar\u0131 aktaran kaynak; kent merkezinde \u00f6nemli noktalar\u0131 kontrollerine ge\u00e7irdiklerini s\u00f6yledi.<\/p>\n<p>Ayn\u0131 kaynak operasyonlar\u0131n kentte bulunan ve Suudi rejimi taraf\u0131ndan finanse edilip \u0130srail taraf\u0131ndan desteklenen Nusra Cephesi, M\u00fcsenna \u0130slami Hareketi ve Ahrar el \u015eam \u0130slami Hareketi tekfircilerinin kentten tamamen bertaraf edilinceye dek yo\u011fun bir \u015fekilde devam edece\u011fini ifade etti.<\/p>\n<p>M.M.<\/p>\n","protected":false},"excerpt":{"rendered":"<p>\u0130LLER \u2013 Kahraman ordu birliklerimiz silahl\u0131 ter\u00f6r gruplar\u0131na kar\u015f\u0131 nitelikli operasyonlar\u0131n\u0131 b\u00fcy\u00fck ba\u015far\u0131larla s\u00fcrd\u00fcrerek bug\u00fcn de onlarca ter\u00f6risti \u00f6l\u00fc ve yaral\u0131 d\u00fc\u015f\u00fcrmekle birlikte havzalar\u0131nda bulunan b\u00fcy\u00fck miktarda silah ve m\u00fchimmat\u0131 imha ettiler. HALEP: SANA\u2019ya a\u00e7\u0131klama yapan askeri bir kaynak; Halep k\u0131rsal\u0131nda katil Erdo\u011fan rejimine ba\u011fl\u0131 I\u015e\u0130D ve ter\u00f6r \u00f6rg\u00fctlere y\u00f6nelik nitelikli operasyonlar\u0131n\u0131 s\u00fcrd\u00fcren ordu birliklerimizin; &hellip;<\/p>\n","protected":false},"author":1,"featured_media":56503,"comment_status":"closed","ping_status":"closed","sticky":false,"template":"","format":"standard","meta":{"footnotes":""},"categories":[575],"tags":[18277],"class_list":["post-56501","post","type-post","status-publish","format-standard","has-post-thumbnail","","category-olaylar-ve-gercekler","tag-kahraman-birliklerimiz-halkimiz-ve-vatan-topraklarini-korumayi-surduruyorlar"],"_links":{"self":[{"href":"https:\/\/archive.sana.sy\/tr\/index.php?rest_route=\/wp\/v2\/posts\/56501","targetHints":{"allow":["GET"]}}],"collection":[{"href":"https:\/\/archive.sana.sy\/tr\/index.php?rest_route=\/wp\/v2\/posts"}],"about":[{"href":"https:\/\/archive.sana.sy\/tr\/index.php?rest_route=\/wp\/v2\/types\/post"}],"author":[{"embeddable":true,"href":"https:\/\/archive.sana.sy\/tr\/index.php?rest_route=\/wp\/v2\/users\/1"}],"replies":[{"embeddable":true,"href":"https:\/\/archive.sana.sy\/tr\/index.php?rest_route=%2Fwp%2Fv2%2Fcomments&post=56501"}],"version-history":[{"count":0,"href":"https:\/\/archive.sana.sy\/tr\/index.php?rest_route=\/wp\/v2\/posts\/56501\/revisions"}],"wp:featuredmedia":[{"embeddable":true,"href":"https:\/\/archive.sana.sy\/tr\/index.php?rest_route=\/wp\/v2\/media\/56503"}],"wp:attachment":[{"href":"https:\/\/archive.sana.sy\/tr\/index.php?rest_route=%2Fwp%2Fv2%2Fmedia&parent=56501"}],"wp:term":[{"taxonomy":"category","embeddable":true,"href":"https:\/\/archive.sana.sy\/tr\/index.php?rest_route=%2Fwp%2Fv2%2Fcategories&post=56501"},{"taxonomy":"post_tag","embeddable":true,"href":"https:\/\/archive.sana.sy\/tr\/index.php?rest_route=%2Fwp%2Fv2%2Ftags&post=56501"}],"curies":[{"name":"wp","href":"https:\/\/api.w.org\/{rel}","templated":true}]}}