{"id":56505,"date":"2015-12-28T18:34:49","date_gmt":"2015-12-28T16:34:49","guid":{"rendered":"http:\/\/www.sana.sy\/tr\/?p=56505"},"modified":"2015-12-29T16:33:25","modified_gmt":"2015-12-29T14:33:25","slug":"turkiye-ve-benzeri-devletlerin-destegi-sayesinde-sivillere-saldirilarini-surdurebiliyor","status":"publish","type":"post","link":"https:\/\/archive.sana.sy\/tr\/?p=56505","title":{"rendered":"T\u00fcrkiye ve Benzeri Devletlerin Deste\u011fi Sayesinde Sivillere Sald\u0131r\u0131lar\u0131n\u0131 S\u00fcrd\u00fcrebiliyor"},"content":{"rendered":"<p>\u015eAM \u2013 D\u0131\u015fi\u015fleri ve Gurbet\u00e7iler Bakanl\u0131\u011f\u0131; I\u015e\u0130D, Nusra Cephesi ve daha ba\u015fka isimler alt\u0131ndaki ter\u00f6r \u00f6rg\u00fctlerin Suriye&#8217;nin muhtelif b\u00f6lgelerinde g\u00fcven i\u00e7inde ya\u015fayan sivil b\u00f6lgelere geli\u015fig\u00fczel hain sald\u0131r\u0131lar\u0131 konusunda Birle\u015fmi\u015f Milletler genel sekreteri ve G\u00fcvenlik Konseyi ba\u015fkan\u0131na e\u015f iki resmuk g\u00f6nderdi.<\/p>\n<p>SANA\u2019n\u0131n da bir n\u00fcshas\u0131n\u0131 ald\u0131\u011f\u0131 resmi mektubunda bakanl\u0131k; T\u00fcrkiye&#8217;deki ihvanc\u0131 rejim ba\u015fta olmak \u00fczere d\u0131\u015f g\u00fc\u00e7lerin destek ve komutas\u0131ndaki ter\u00f6ristlerin sivil b\u00f6lgeleri bombal\u0131 eylemler ve geli\u015fig\u00fczel f\u00fcze sald\u0131r\u0131lar\u0131yla kas\u0131tl\u0131 olarak hedef ald\u0131klar\u0131na dikkat \u00e7ekti. Bakanl\u0131k ter\u00f6ristlerin savunmas\u0131z sivillere y\u00f6nelik bu sald\u0131r\u0131lar\u0131ndan amac\u0131n, son g\u00fcnlerde ulusal uzla\u015fma \u00e7abalar\u0131n\u0131n ba\u015far\u0131lar\u0131yla bir\u00e7ok kentte ya\u015fanan istikrar ve s\u00fckuneti baltalamak oldu\u011funun alt\u0131n\u0131 \u00e7izdi.<\/p>\n<p>Ter\u00f6ristlerin bu sald\u0131r\u0131lar\u0131n\u0131 s\u00fcrd\u00fcrmelerinin temel nedeninin kimi devletler taraf\u0131ndan onlara sa\u011flanan s\u0131n\u0131rs\u0131z askeri ve maddi destek oldu\u011funun alt\u0131n\u0131 \u00e7izen bakanl\u0131k; bu deste\u011fi sa\u011flayan devletlerin ba\u015f\u0131nda T\u00fcrkiye, Suudi Arabistan ve Katar gibi devletlerin bulundu\u011funu vurgulad\u0131. Bakanl\u0131k s\u00f6z konusu bu devletlerin ter\u00f6ristlerin Suriye&#8217;de i\u015fledikleri bu vah\u015fetlerinde ortak olduklar\u0131n\u0131 ifade etti.<\/p>\n","protected":false},"excerpt":{"rendered":"<p>\u015eAM \u2013 D\u0131\u015fi\u015fleri ve Gurbet\u00e7iler Bakanl\u0131\u011f\u0131; I\u015e\u0130D, Nusra Cephesi ve daha ba\u015fka isimler alt\u0131ndaki ter\u00f6r \u00f6rg\u00fctlerin Suriye&#8217;nin muhtelif b\u00f6lgelerinde g\u00fcven i\u00e7inde ya\u015fayan sivil b\u00f6lgelere geli\u015fig\u00fczel hain sald\u0131r\u0131lar\u0131 konusunda Birle\u015fmi\u015f Milletler genel sekreteri ve G\u00fcvenlik Konseyi ba\u015fkan\u0131na e\u015f iki resmuk g\u00f6nderdi. SANA\u2019n\u0131n da bir n\u00fcshas\u0131n\u0131 ald\u0131\u011f\u0131 resmi mektubunda bakanl\u0131k; T\u00fcrkiye&#8217;deki ihvanc\u0131 rejim ba\u015fta olmak \u00fczere d\u0131\u015f &hellip;<\/p>\n","protected":false},"author":1,"featured_media":54551,"comment_status":"closed","ping_status":"closed","sticky":false,"template":"","format":"standard","meta":{"footnotes":""},"categories":[479,2554,2555,478],"tags":[18278],"class_list":["post-56505","post","type-post","status-publish","format-standard","has-post-thumbnail","","category-haberler-yerel","category-suriye-ve-dunya","category-suriye-ve-turkiye","category-yerel","tag-turkiye-ve-benzeri-devletlerin-destegi-sayesinde-sivillere-saldirilarini-surdurebiliyor"],"_links":{"self":[{"href":"https:\/\/archive.sana.sy\/tr\/index.php?rest_route=\/wp\/v2\/posts\/56505","targetHints":{"allow":["GET"]}}],"collection":[{"href":"https:\/\/archive.sana.sy\/tr\/index.php?rest_route=\/wp\/v2\/posts"}],"about":[{"href":"https:\/\/archive.sana.sy\/tr\/index.php?rest_route=\/wp\/v2\/types\/post"}],"author":[{"embeddable":true,"href":"https:\/\/archive.sana.sy\/tr\/index.php?rest_route=\/wp\/v2\/users\/1"}],"replies":[{"embeddable":true,"href":"https:\/\/archive.sana.sy\/tr\/index.php?rest_route=%2Fwp%2Fv2%2Fcomments&post=56505"}],"version-history":[{"count":0,"href":"https:\/\/archive.sana.sy\/tr\/index.php?rest_route=\/wp\/v2\/posts\/56505\/revisions"}],"wp:featuredmedia":[{"embeddable":true,"href":"https:\/\/archive.sana.sy\/tr\/index.php?rest_route=\/wp\/v2\/media\/54551"}],"wp:attachment":[{"href":"https:\/\/archive.sana.sy\/tr\/index.php?rest_route=%2Fwp%2Fv2%2Fmedia&parent=56505"}],"wp:term":[{"taxonomy":"category","embeddable":true,"href":"https:\/\/archive.sana.sy\/tr\/index.php?rest_route=%2Fwp%2Fv2%2Fcategories&post=56505"},{"taxonomy":"post_tag","embeddable":true,"href":"https:\/\/archive.sana.sy\/tr\/index.php?rest_route=%2Fwp%2Fv2%2Ftags&post=56505"}],"curies":[{"name":"wp","href":"https:\/\/api.w.org\/{rel}","templated":true}]}}