{"id":56507,"date":"2015-12-28T15:45:28","date_gmt":"2015-12-28T13:45:28","guid":{"rendered":"http:\/\/www.sana.sy\/tr\/?p=56507"},"modified":"2015-12-30T13:05:48","modified_gmt":"2015-12-30T11:05:48","slug":"erdogan-ceteleri-savunmasiz-sivillere-gelisiguzel-saldirilarini-surdurdu","status":"publish","type":"post","link":"https:\/\/archive.sana.sy\/tr\/?p=56507","title":{"rendered":"Erdo\u011fan \u00c7eteleri Savunmas\u0131z Sivillere Geli\u015fig\u00fczel Sald\u0131r\u0131lar\u0131n\u0131 S\u00fcrd\u00fcrd\u00fc"},"content":{"rendered":"<p>HALEP \u2013 \u0130hvanc\u0131 Erdo\u011fan rejiminin destekleyip y\u00f6nlendirdi\u011fi radikal ter\u00f6r \u00e7eteleri yeniden savunmas\u0131z insanlar\u0131 ve g\u00fcvenli alanlar\u0131 geli\u015fig\u00fczel gaddar f\u00fczelerle hedef almaya devam ediyor.<\/p>\n<p>Halep Emniyet M\u00fcd\u00fcrl\u00fc\u011f\u00fcnde bir kaynak SANA muhabirine a\u00e7\u0131klamas\u0131nda; Beni Zeyd Semtinde siperlenen ter\u00f6ristlerin f\u0131rlatt\u0131\u011f\u0131 bir\u00e7ok f\u00fczenin Halep\u2019in E\u015frefiye, Bat\u0131 \u015eeyh Maksut ve el Sebil semtlerine d\u00fc\u015fmesi sonucunda aralar\u0131nda bir \u00e7ocu\u011fun bulundu\u011fu 9 vatanda\u015f\u0131n \u015fehit d\u00fc\u015ft\u00fc\u011f\u00fcn\u00fc; 35 vatanda\u015f\u0131n da yaraland\u0131\u011f\u0131n\u0131 ifade etti.<\/p>\n<p>Kaynak; k\u00f6r ve korkak sald\u0131r\u0131larda sivillere ait evler ve \u00f6zel m\u00fclklerde b\u00fcy\u00fck hasarlar\u0131n meydana geldi\u011fine dikkat \u00e7ekti.<\/p>\n<p>M.M.<\/p>\n","protected":false},"excerpt":{"rendered":"<p>HALEP \u2013 \u0130hvanc\u0131 Erdo\u011fan rejiminin destekleyip y\u00f6nlendirdi\u011fi radikal ter\u00f6r \u00e7eteleri yeniden savunmas\u0131z insanlar\u0131 ve g\u00fcvenli alanlar\u0131 geli\u015fig\u00fczel gaddar f\u00fczelerle hedef almaya devam ediyor. Halep Emniyet M\u00fcd\u00fcrl\u00fc\u011f\u00fcnde bir kaynak SANA muhabirine a\u00e7\u0131klamas\u0131nda; Beni Zeyd Semtinde siperlenen ter\u00f6ristlerin f\u0131rlatt\u0131\u011f\u0131 bir\u00e7ok f\u00fczenin Halep\u2019in E\u015frefiye, Bat\u0131 \u015eeyh Maksut ve el Sebil semtlerine d\u00fc\u015fmesi sonucunda aralar\u0131nda bir \u00e7ocu\u011fun bulundu\u011fu 9 &hellip;<\/p>\n","protected":false},"author":1,"featured_media":56508,"comment_status":"closed","ping_status":"closed","sticky":false,"template":"","format":"standard","meta":{"footnotes":""},"categories":[575,17988],"tags":[18279],"class_list":["post-56507","post","type-post","status-publish","format-standard","has-post-thumbnail","","category-olaylar-ve-gercekler","category-son-haberler","tag-erdogan-ceteleri-savunmasiz-sivillere-gelisiguzel-saldirilarini-surdurdu"],"_links":{"self":[{"href":"https:\/\/archive.sana.sy\/tr\/index.php?rest_route=\/wp\/v2\/posts\/56507","targetHints":{"allow":["GET"]}}],"collection":[{"href":"https:\/\/archive.sana.sy\/tr\/index.php?rest_route=\/wp\/v2\/posts"}],"about":[{"href":"https:\/\/archive.sana.sy\/tr\/index.php?rest_route=\/wp\/v2\/types\/post"}],"author":[{"embeddable":true,"href":"https:\/\/archive.sana.sy\/tr\/index.php?rest_route=\/wp\/v2\/users\/1"}],"replies":[{"embeddable":true,"href":"https:\/\/archive.sana.sy\/tr\/index.php?rest_route=%2Fwp%2Fv2%2Fcomments&post=56507"}],"version-history":[{"count":0,"href":"https:\/\/archive.sana.sy\/tr\/index.php?rest_route=\/wp\/v2\/posts\/56507\/revisions"}],"wp:featuredmedia":[{"embeddable":true,"href":"https:\/\/archive.sana.sy\/tr\/index.php?rest_route=\/wp\/v2\/media\/56508"}],"wp:attachment":[{"href":"https:\/\/archive.sana.sy\/tr\/index.php?rest_route=%2Fwp%2Fv2%2Fmedia&parent=56507"}],"wp:term":[{"taxonomy":"category","embeddable":true,"href":"https:\/\/archive.sana.sy\/tr\/index.php?rest_route=%2Fwp%2Fv2%2Fcategories&post=56507"},{"taxonomy":"post_tag","embeddable":true,"href":"https:\/\/archive.sana.sy\/tr\/index.php?rest_route=%2Fwp%2Fv2%2Ftags&post=56507"}],"curies":[{"name":"wp","href":"https:\/\/api.w.org\/{rel}","templated":true}]}}