{"id":56511,"date":"2015-12-29T11:02:19","date_gmt":"2015-12-29T09:02:19","guid":{"rendered":"http:\/\/www.sana.sy\/tr\/?p=56511"},"modified":"2015-12-29T12:20:09","modified_gmt":"2015-12-29T10:20:09","slug":"halaki-isadamlarina-kalkinma-projelerine-katilma-cagrisi-yapti","status":"publish","type":"post","link":"https:\/\/archive.sana.sy\/tr\/?p=56511","title":{"rendered":"Halaki \u0130\u015fadamlar\u0131na Kalk\u0131nma Projelerine Kat\u0131lma \u00c7a\u011fr\u0131s\u0131 Yapt\u0131"},"content":{"rendered":"<p>\u015eAM \u2013 Ba\u015fbakan Vail el Halaki, Suriye\u2019nin maruz kald\u0131\u011f\u0131 uluslararas\u0131 ter\u00f6r sava\u015f\u0131 ve ekonomik yapt\u0131r\u0131mlar\u0131n vatanda\u015f\u0131n ya\u015fam\u0131n\u0131 olumsuz olarak etkiledi\u011fine dikkat \u00e7ekerekSuriye halk\u0131n\u0131n,dost \u00fclke ve halklardan bu olumsuzluklardan kaynaklanan s\u0131k\u0131nt\u0131 ve ac\u0131lar\u0131n\u0131 hafifletmesini bekledi\u011fini belirtti.<\/p>\n<p>Pakistan\u2019\u0131n \u015eam B\u00fcy\u00fckel\u00e7isi SeyidAthar H\u00fcseyin Buhari ile d\u00fcn bir araya gelen Halaki; iki \u00fclke aras\u0131ndaki tarihi ve ayr\u0131cal\u0131kl\u0131 ili\u015fkilerine i\u015faret ederek bu ili\u015fkilerin iki \u00fclkeyi daha geni\u015f alanlarda i\u015fbirli\u011fi ve dostluk f\u0131rsatlar\u0131n\u0131 incelemeye sevk etti\u011fini belirtti.<\/p>\n<p>Suriye\u2019nin ter\u00f6rle m\u00fccadele s\u00fcrecinde Pakistan\u2019\u0131n izledi\u011fi destekleyici tutumu takdir etti\u011fini \u00f6vg\u00fcl\u00fc c\u00fcmlelerle dile getiren Halaki; \u00f6n\u00fcm\u00fczdeki s\u00fcre\u00e7te iki \u00fclkenin ter\u00f6rle m\u00fccadele alan\u0131nda daha s\u0131k\u0131 bir birliktelik sergilemesi gerekti\u011finin alt\u0131n\u0131 \u00e7izdi.<\/p>\n<p>Pakistanl\u0131 i\u015fadamlar\u0131na Suriye\u2019de kalk\u0131nma projelerine kat\u0131lma \u00e7a\u011fr\u0131s\u0131nda bulunan Halaki; Suriye h\u00fck\u00fcmetinin iki \u00fclke aras\u0131ndaki i\u015fbirli\u011fi ve dostluk ili\u015fkilerini eskisinden daha g\u00fc\u00e7l\u00fc bir \u015fekilde aktifle\u015ftirme iste\u011fini belirtti.<\/p>\n<p>Di\u011fer taraftan Pakistan H\u00fck\u00fcmetinin Suriye ile ikili ili\u015fkileri geli\u015ftirmeye \u00f6nem verdi\u011fini dile getiren Buhari; \u00fclkesinin Suriye halk\u0131 ve iktidar\u0131n\u0131 ter\u00f6re kar\u015f\u0131 desteklemeye devam edece\u011finin alt\u0131n\u0131 \u00e7izdi.<\/p>\n<div id='gallery-1' class='gallery galleryid-56511 gallery-columns-2 gallery-size-medium'><figure class='gallery-item'>\n\t\t\t<div class='gallery-icon landscape'>\n\t\t\t\t<a href='https:\/\/archive.sana.sy\/tr\/wp-content\/uploads\/2015\/12\/halaki-2-2.jpg'><img loading=\"lazy\" decoding=\"async\" width=\"300\" height=\"168\" src=\"https:\/\/archive.sana.sy\/tr\/wp-content\/uploads\/2015\/12\/halaki-2-2-300x168.jpg\" class=\"attachment-medium size-medium\" alt=\"\" srcset=\"https:\/\/archive.sana.sy\/tr\/wp-content\/uploads\/2015\/12\/halaki-2-2-300x168.jpg 300w, https:\/\/archive.sana.sy\/tr\/wp-content\/uploads\/2015\/12\/halaki-2-2-150x84.jpg 150w, https:\/\/archive.sana.sy\/tr\/wp-content\/uploads\/2015\/12\/halaki-2-2.jpg 660w\" sizes=\"auto, (max-width: 300px) 100vw, 300px\" \/><\/a>\n\t\t\t<\/div><\/figure><figure class='gallery-item'>\n\t\t\t<div class='gallery-icon landscape'>\n\t\t\t\t<a href='https:\/\/archive.sana.sy\/tr\/wp-content\/uploads\/2015\/12\/halaki-3-1.jpg'><img loading=\"lazy\" decoding=\"async\" width=\"300\" height=\"168\" src=\"https:\/\/archive.sana.sy\/tr\/wp-content\/uploads\/2015\/12\/halaki-3-1-300x168.jpg\" class=\"attachment-medium size-medium\" alt=\"\" srcset=\"https:\/\/archive.sana.sy\/tr\/wp-content\/uploads\/2015\/12\/halaki-3-1-300x168.jpg 300w, https:\/\/archive.sana.sy\/tr\/wp-content\/uploads\/2015\/12\/halaki-3-1-150x84.jpg 150w, https:\/\/archive.sana.sy\/tr\/wp-content\/uploads\/2015\/12\/halaki-3-1.jpg 660w\" sizes=\"auto, (max-width: 300px) 100vw, 300px\" \/><\/a>\n\t\t\t<\/div><\/figure>\n\t\t<\/div>\n\n<p>F.B. &#8211; R.H.<\/p>\n","protected":false},"excerpt":{"rendered":"<p>\u015eAM \u2013 Ba\u015fbakan Vail el Halaki, Suriye\u2019nin maruz kald\u0131\u011f\u0131 uluslararas\u0131 ter\u00f6r sava\u015f\u0131 ve ekonomik yapt\u0131r\u0131mlar\u0131n vatanda\u015f\u0131n ya\u015fam\u0131n\u0131 olumsuz olarak etkiledi\u011fine dikkat \u00e7ekerekSuriye halk\u0131n\u0131n,dost \u00fclke ve halklardan bu olumsuzluklardan kaynaklanan s\u0131k\u0131nt\u0131 ve ac\u0131lar\u0131n\u0131 hafifletmesini bekledi\u011fini belirtti. Pakistan\u2019\u0131n \u015eam B\u00fcy\u00fckel\u00e7isi SeyidAthar H\u00fcseyin Buhari ile d\u00fcn bir araya gelen Halaki; iki \u00fclke aras\u0131ndaki tarihi ve ayr\u0131cal\u0131kl\u0131 ili\u015fkilerine i\u015faret &hellip;<\/p>\n","protected":false},"author":1,"featured_media":56513,"comment_status":"closed","ping_status":"closed","sticky":false,"template":"","format":"standard","meta":{"footnotes":""},"categories":[485,486,17988],"tags":[18280],"class_list":["post-56511","post","type-post","status-publish","format-standard","has-post-thumbnail","","category-is-ve-sermaye","category-haberler-is-ve-sermaye","category-son-haberler","tag-halaki-isadamlarina-kalkinma-projelerine-katilma-cagrisi-yapti"],"_links":{"self":[{"href":"https:\/\/archive.sana.sy\/tr\/index.php?rest_route=\/wp\/v2\/posts\/56511","targetHints":{"allow":["GET"]}}],"collection":[{"href":"https:\/\/archive.sana.sy\/tr\/index.php?rest_route=\/wp\/v2\/posts"}],"about":[{"href":"https:\/\/archive.sana.sy\/tr\/index.php?rest_route=\/wp\/v2\/types\/post"}],"author":[{"embeddable":true,"href":"https:\/\/archive.sana.sy\/tr\/index.php?rest_route=\/wp\/v2\/users\/1"}],"replies":[{"embeddable":true,"href":"https:\/\/archive.sana.sy\/tr\/index.php?rest_route=%2Fwp%2Fv2%2Fcomments&post=56511"}],"version-history":[{"count":0,"href":"https:\/\/archive.sana.sy\/tr\/index.php?rest_route=\/wp\/v2\/posts\/56511\/revisions"}],"wp:featuredmedia":[{"embeddable":true,"href":"https:\/\/archive.sana.sy\/tr\/index.php?rest_route=\/wp\/v2\/media\/56513"}],"wp:attachment":[{"href":"https:\/\/archive.sana.sy\/tr\/index.php?rest_route=%2Fwp%2Fv2%2Fmedia&parent=56511"}],"wp:term":[{"taxonomy":"category","embeddable":true,"href":"https:\/\/archive.sana.sy\/tr\/index.php?rest_route=%2Fwp%2Fv2%2Fcategories&post=56511"},{"taxonomy":"post_tag","embeddable":true,"href":"https:\/\/archive.sana.sy\/tr\/index.php?rest_route=%2Fwp%2Fv2%2Ftags&post=56511"}],"curies":[{"name":"wp","href":"https:\/\/api.w.org\/{rel}","templated":true}]}}