{"id":56517,"date":"2015-12-29T11:17:15","date_gmt":"2015-12-29T09:17:15","guid":{"rendered":"http:\/\/www.sana.sy\/tr\/?p=56517"},"modified":"2015-12-29T12:19:05","modified_gmt":"2015-12-29T10:19:05","slug":"cozum-suriyeliler-tarafindan-gelmeli-ve-halkin-cikarlarina-hizmet-etmelidir","status":"publish","type":"post","link":"https:\/\/archive.sana.sy\/tr\/?p=56517","title":{"rendered":"\u00c7\u00f6z\u00fcm Suriyeliler Taraf\u0131ndan Gelmeli ve Halk\u0131n \u00c7\u0131karlar\u0131na Hizmet Etmelidir"},"content":{"rendered":"<p>\u015eAM \u2013 Hizmet \u0130\u015flerinden Sorumlu Ba\u015fbakan Yard\u0131mc\u0131s\u0131 ve Yerel Y\u00f6netimler Bakan\u0131 \u00d6mer Galevenci d\u00fcn Pakistan\u2019\u0131n \u015eam B\u00fcy\u00fckel\u00e7isi Seyid Athar H\u00fcseyin Buhari ile bir araya gelerek iki \u00fclke aras\u0131ndaki ili\u015fkileri ba\u015fta insani yard\u0131m alan\u0131 olmak \u00fczere b\u00fct\u00fcn alanlarda g\u00fc\u00e7lendirme y\u00f6ntemlerini inceledi.<\/p>\n<p><a href=\"http:\/\/www.sana.sy\/tr\/?attachment_id=56519\" rel=\"attachment wp-att-56519\"><img loading=\"lazy\" decoding=\"async\" class=\"size-medium wp-image-56519 alignright\" src=\"http:\/\/www.sana.sy\/tr\/wp-content\/uploads\/2015\/12\/2-22-300x168.jpg\" alt=\"2\" width=\"300\" height=\"168\" srcset=\"https:\/\/archive.sana.sy\/tr\/wp-content\/uploads\/2015\/12\/2-22-300x168.jpg 300w, https:\/\/archive.sana.sy\/tr\/wp-content\/uploads\/2015\/12\/2-22-150x84.jpg 150w, https:\/\/archive.sana.sy\/tr\/wp-content\/uploads\/2015\/12\/2-22.jpg 660w\" sizes=\"auto, (max-width: 300px) 100vw, 300px\" \/><\/a>\u00dclkede ya\u015fanmakta olan krizin ba\u015flad\u0131\u011f\u0131 ilk g\u00fcnden itibaren Suriye h\u00fck\u00fcmetinin \u0130nsani Yard\u0131m Y\u00fcksek Komisyonunda temsil edildi\u011fine dikkat \u00e7eken Galevenci; krizin Suriye halk\u0131n\u0131n ya\u015fant\u0131s\u0131na b\u00fcy\u00fck s\u0131k\u0131nt\u0131lar ve ac\u0131lar getirdi\u011fini ifade ederek Suriye h\u00fck\u00fcmetinin bu s\u00fcre\u00e7te insani yard\u0131ma b\u00fcy\u00fck bir \u00f6nem verdi\u011finin alt\u0131n\u0131 \u00e7izdi.<\/p>\n<p>Di\u011fer taraftan \u00fclkesinin, Suriye topraklar\u0131n\u0131n birlik ve b\u00fct\u00fcnl\u00fc\u011f\u00fcn\u00fcn \u00f6nemine odaklanan tutumunda kararl\u0131 ve sabit oldu\u011funu dile getiren Buhari; Suriye\u2019de ya\u015fanmakta olan krizin \u00e7\u00f6z\u00fcm\u00fcn\u00fcn Suriyelilerin kendi elleriyle gelmesi ve Suriye halk\u0131n\u0131n \u00e7\u0131karlar\u0131na hizmet etmesi gerekti\u011fini vurgulad\u0131.<\/p>\n<p>F.B. &#8211; R.H.<\/p>\n","protected":false},"excerpt":{"rendered":"<p>\u015eAM \u2013 Hizmet \u0130\u015flerinden Sorumlu Ba\u015fbakan Yard\u0131mc\u0131s\u0131 ve Yerel Y\u00f6netimler Bakan\u0131 \u00d6mer Galevenci d\u00fcn Pakistan\u2019\u0131n \u015eam B\u00fcy\u00fckel\u00e7isi Seyid Athar H\u00fcseyin Buhari ile bir araya gelerek iki \u00fclke aras\u0131ndaki ili\u015fkileri ba\u015fta insani yard\u0131m alan\u0131 olmak \u00fczere b\u00fct\u00fcn alanlarda g\u00fc\u00e7lendirme y\u00f6ntemlerini inceledi. \u00dclkede ya\u015fanmakta olan krizin ba\u015flad\u0131\u011f\u0131 ilk g\u00fcnden itibaren Suriye h\u00fck\u00fcmetinin \u0130nsani Yard\u0131m Y\u00fcksek Komisyonunda temsil &hellip;<\/p>\n","protected":false},"author":1,"featured_media":56518,"comment_status":"closed","ping_status":"closed","sticky":false,"template":"","format":"standard","meta":{"footnotes":""},"categories":[485,486,17988],"tags":[18281],"class_list":["post-56517","post","type-post","status-publish","format-standard","has-post-thumbnail","","category-is-ve-sermaye","category-haberler-is-ve-sermaye","category-son-haberler","tag-cozum-suriyeliler-tarafindan-gelmeli-ve-halkin-cikarlarina-hizmet-etmelidir"],"_links":{"self":[{"href":"https:\/\/archive.sana.sy\/tr\/index.php?rest_route=\/wp\/v2\/posts\/56517","targetHints":{"allow":["GET"]}}],"collection":[{"href":"https:\/\/archive.sana.sy\/tr\/index.php?rest_route=\/wp\/v2\/posts"}],"about":[{"href":"https:\/\/archive.sana.sy\/tr\/index.php?rest_route=\/wp\/v2\/types\/post"}],"author":[{"embeddable":true,"href":"https:\/\/archive.sana.sy\/tr\/index.php?rest_route=\/wp\/v2\/users\/1"}],"replies":[{"embeddable":true,"href":"https:\/\/archive.sana.sy\/tr\/index.php?rest_route=%2Fwp%2Fv2%2Fcomments&post=56517"}],"version-history":[{"count":0,"href":"https:\/\/archive.sana.sy\/tr\/index.php?rest_route=\/wp\/v2\/posts\/56517\/revisions"}],"wp:featuredmedia":[{"embeddable":true,"href":"https:\/\/archive.sana.sy\/tr\/index.php?rest_route=\/wp\/v2\/media\/56518"}],"wp:attachment":[{"href":"https:\/\/archive.sana.sy\/tr\/index.php?rest_route=%2Fwp%2Fv2%2Fmedia&parent=56517"}],"wp:term":[{"taxonomy":"category","embeddable":true,"href":"https:\/\/archive.sana.sy\/tr\/index.php?rest_route=%2Fwp%2Fv2%2Fcategories&post=56517"},{"taxonomy":"post_tag","embeddable":true,"href":"https:\/\/archive.sana.sy\/tr\/index.php?rest_route=%2Fwp%2Fv2%2Ftags&post=56517"}],"curies":[{"name":"wp","href":"https:\/\/api.w.org\/{rel}","templated":true}]}}